{"id":15045,"date":"2022-10-10T09:21:57","date_gmt":"2022-10-10T07:21:57","guid":{"rendered":"https:\/\/www.tgm.ac.at\/?p=15045"},"modified":"2023-07-25T09:36:55","modified_gmt":"2023-07-25T07:36:55","slug":"erasmus-short-mobility-in-wien","status":"publish","type":"post","link":"http:\/\/172.16.202.26\/?p=15045","title":{"rendered":"ERASMUS+ Short Mobility in Wien"},"content":{"rendered":"\t\t<div data-elementor-type=\"wp-post\" data-elementor-id=\"15045\" class=\"elementor elementor-15045\">\n\t\t\t\t\t\t<section class=\"elementor-section elementor-top-section elementor-element elementor-element-e995881 elementor-section-boxed elementor-section-height-default elementor-section-height-default\" data-id=\"e995881\" data-element_type=\"section\">\n\t\t\t\t\t\t<div class=\"elementor-container elementor-column-gap-default\">\n\t\t\t\t\t<div class=\"elementor-column elementor-col-100 elementor-top-column elementor-element elementor-element-969ad44\" data-id=\"969ad44\" data-element_type=\"column\">\n\t\t\t<div class=\"elementor-widget-wrap elementor-element-populated\">\n\t\t\t\t\t\t<div class=\"elementor-element elementor-element-1a4249c elementor-widget elementor-widget-text-editor\" data-id=\"1a4249c\" data-element_type=\"widget\" data-widget_type=\"text-editor.default\">\n\t\t\t\t<div class=\"elementor-widget-container\">\n\t\t\t<style>\/*! elementor - v3.20.0 - 13-03-2024 *\/\n.elementor-widget-text-editor.elementor-drop-cap-view-stacked .elementor-drop-cap{background-color:#69727d;color:#fff}.elementor-widget-text-editor.elementor-drop-cap-view-framed .elementor-drop-cap{color:#69727d;border:3px solid;background-color:transparent}.elementor-widget-text-editor:not(.elementor-drop-cap-view-default) .elementor-drop-cap{margin-top:8px}.elementor-widget-text-editor:not(.elementor-drop-cap-view-default) .elementor-drop-cap-letter{width:1em;height:1em}.elementor-widget-text-editor .elementor-drop-cap{float:left;text-align:center;line-height:1;font-size:50px}.elementor-widget-text-editor .elementor-drop-cap-letter{display:inline-block}<\/style>\t\t\t\t<p style=\"text-align: center;\">10.10.2022<\/p>\t\t\t\t\t\t<\/div>\n\t\t\t\t<\/div>\n\t\t\t\t\t<\/div>\n\t\t<\/div>\n\t\t\t\t\t<\/div>\n\t\t<\/section>\n\t\t\t\t<section class=\"elementor-section elementor-top-section elementor-element elementor-element-1c7c195 elementor-section-boxed elementor-section-height-default elementor-section-height-default\" data-id=\"1c7c195\" data-element_type=\"section\">\n\t\t\t\t\t\t<div class=\"elementor-container elementor-column-gap-default\">\n\t\t\t\t\t<div class=\"elementor-column elementor-col-100 elementor-top-column elementor-element elementor-element-6ab2c83\" data-id=\"6ab2c83\" data-element_type=\"column\">\n\t\t\t<div class=\"elementor-widget-wrap elementor-element-populated\">\n\t\t\t\t\t\t<div class=\"elementor-element elementor-element-1256be7 elementor-widget elementor-widget-heading\" data-id=\"1256be7\" data-element_type=\"widget\" data-widget_type=\"heading.default\">\n\t\t\t\t<div class=\"elementor-widget-container\">\n\t\t\t<style>\/*! elementor - v3.20.0 - 13-03-2024 *\/\n.elementor-heading-title{padding:0;margin:0;line-height:1}.elementor-widget-heading .elementor-heading-title[class*=elementor-size-]>a{color:inherit;font-size:inherit;line-height:inherit}.elementor-widget-heading .elementor-heading-title.elementor-size-small{font-size:15px}.elementor-widget-heading .elementor-heading-title.elementor-size-medium{font-size:19px}.elementor-widget-heading .elementor-heading-title.elementor-size-large{font-size:29px}.elementor-widget-heading .elementor-heading-title.elementor-size-xl{font-size:39px}.elementor-widget-heading .elementor-heading-title.elementor-size-xxl{font-size:59px}<\/style><h2 class=\"elementor-heading-title elementor-size-default\">R\u00fcckblick \u2013 <br>das war die Short-Mobility Woche vom 8.5. bis 15.5.2022 in Wien<\/h2>\t\t<\/div>\n\t\t\t\t<\/div>\n\t\t\t\t\t<\/div>\n\t\t<\/div>\n\t\t\t\t\t<\/div>\n\t\t<\/section>\n\t\t\t\t<section class=\"elementor-section elementor-top-section elementor-element elementor-element-10eade5 elementor-section-boxed elementor-section-height-default elementor-section-height-default\" data-id=\"10eade5\" data-element_type=\"section\">\n\t\t\t\t\t\t<div class=\"elementor-container elementor-column-gap-default\">\n\t\t\t\t\t<div class=\"elementor-column elementor-col-100 elementor-top-column elementor-element elementor-element-e4ef598\" data-id=\"e4ef598\" data-element_type=\"column\">\n\t\t\t<div class=\"elementor-widget-wrap elementor-element-populated\">\n\t\t\t\t\t\t<div class=\"elementor-element elementor-element-e26ce67 elementor-widget elementor-widget-text-editor\" data-id=\"e26ce67\" data-element_type=\"widget\" data-widget_type=\"text-editor.default\">\n\t\t\t\t<div class=\"elementor-widget-container\">\n\t\t\t\t\t\t\t<p>Die H\u00f6here Abteilung f\u00fcr Informationstechnologie ist als Partner in einem <span style=\"text-decoration: underline;\"><a href=\"https:\/\/erasmusplus.at\/de\/\" target=\"_blank\" rel=\"noopener\">ERASMUS+<\/a><\/span> Projekt mit dem klingenden Namen <span style=\"text-decoration: underline;\"><a href=\"https:\/\/sites.google.com\/cavazzisorbelli.it\/braiins-erasmus-20-23\/\" target=\"_blank\" rel=\"noopener\">BRAIINS<\/a><\/span> \u2013 BRing Artificial Intelligence IN Schools. Wie der Titel schon sagt, besch\u00e4ftigt sich das Projekt mit K\u00fcnstlicher Intelligenz und deren Aufbereitung f\u00fcr den Unterricht \u2013 und zwar sowohl als Unterrichtsthema als auch als Unterrichtsmittel. Mit unseren Vertiefungen Data-Science (Systemtechnik) und Game-Development &amp; AI (Medientechnik) sind wir also bestens geeignet um als technischer Partner in dem Projekt mitzuwirken. Schon in den letzten Jahren hatten sich unsere Sch\u00fcler*innen mit verschiedenen Projekten besch\u00e4ftigt und die Ergebnisse in vergangenen Treffen in Pamplona, Spanien, pr\u00e4sentiert (siehe <span style=\"text-decoration: underline;\"><a href=\"http:\/\/172.16.202.26\/?p=7991\" target=\"_blank\" rel=\"noopener\">Bericht<\/a><\/span>).<\/p>\t\t\t\t\t\t<\/div>\n\t\t\t\t<\/div>\n\t\t\t\t\t<\/div>\n\t\t<\/div>\n\t\t\t\t\t<\/div>\n\t\t<\/section>\n\t\t\t\t<section class=\"elementor-section elementor-top-section elementor-element elementor-element-c19439e elementor-section-boxed elementor-section-height-default elementor-section-height-default\" data-id=\"c19439e\" data-element_type=\"section\">\n\t\t\t\t\t\t<div class=\"elementor-container elementor-column-gap-default\">\n\t\t\t\t\t<div class=\"elementor-column elementor-col-100 elementor-top-column elementor-element elementor-element-91f1f48\" data-id=\"91f1f48\" data-element_type=\"column\">\n\t\t\t<div class=\"elementor-widget-wrap elementor-element-populated\">\n\t\t\t\t\t\t<div class=\"elementor-element elementor-element-1eb6783 elementor-widget elementor-widget-image\" data-id=\"1eb6783\" data-element_type=\"widget\" data-widget_type=\"image.default\">\n\t\t\t\t<div class=\"elementor-widget-container\">\n\t\t\t<style>\/*! elementor - v3.20.0 - 13-03-2024 *\/\n.elementor-widget-image{text-align:center}.elementor-widget-image a{display:inline-block}.elementor-widget-image a img[src$=\".svg\"]{width:48px}.elementor-widget-image img{vertical-align:middle;display:inline-block}<\/style>\t\t\t\t\t\t\t\t\t\t<img decoding=\"async\" src=\"http:\/\/172.16.202.26\/wp-content\/uploads\/elementor\/thumbs\/e1-pp3uct40vn5h06zttn8ggr0d7p1tw98llg51rb5nqc.jpg\" title=\"\" alt=\"\" loading=\"lazy\" \/>\t\t\t\t\t\t\t\t\t\t\t\t\t<\/div>\n\t\t\t\t<\/div>\n\t\t\t\t\t<\/div>\n\t\t<\/div>\n\t\t\t\t\t<\/div>\n\t\t<\/section>\n\t\t\t\t<section class=\"elementor-section elementor-top-section elementor-element elementor-element-b2ab298 elementor-section-boxed elementor-section-height-default elementor-section-height-default\" data-id=\"b2ab298\" data-element_type=\"section\">\n\t\t\t\t\t\t<div class=\"elementor-container elementor-column-gap-default\">\n\t\t\t\t\t<div class=\"elementor-column elementor-col-100 elementor-top-column elementor-element elementor-element-4f7f632\" data-id=\"4f7f632\" data-element_type=\"column\">\n\t\t\t<div class=\"elementor-widget-wrap elementor-element-populated\">\n\t\t\t\t\t\t<div class=\"elementor-element elementor-element-bf61628 elementor-widget elementor-widget-text-editor\" data-id=\"bf61628\" data-element_type=\"widget\" data-widget_type=\"text-editor.default\">\n\t\t\t\t<div class=\"elementor-widget-container\">\n\t\t\t\t\t\t\t<p>F\u00fcr die Short-Mobility Woche in Wien haben wir uns daher zum Ziel gesetzt, den mehr als 50 Teilnehmerinnen und Teilnehmern aus unseren Partnerschulen aus <span style=\"text-decoration: underline;\"><a href=\"https:\/\/istitutocavazzi.edu.it\/\" target=\"_blank\" rel=\"noopener\">Pavullo<\/a><\/span> (Italien), <span style=\"text-decoration: underline;\"><a href=\"https:\/\/iesnavarrovilloslada.educacion.navarra.es\/web\/\" target=\"_blank\" rel=\"noopener\">Pamplona<\/a><\/span> (Spanien) und <span style=\"text-decoration: underline;\"><a href=\"http:\/\/2lyk-kalymn.dod.sch.gr\/autosch\/joomla15\/\" target=\"_blank\" rel=\"noopener\">Kalymnos<\/a><\/span> (Griechenland) einen Einblick in das Schulwesen einer H\u00f6heren Technischen Bundes- Lehr und Versuchsanstalt zu geben. Dabei war es uns ein Anliegen, dass unsere G\u00e4ste den Werkst\u00e4tten-Unterricht erleben konnten als auch Vortr\u00e4ge unserer Top-Lehrkr\u00e4fte zu den Themen Data-Science, Game-Development and AI, als auch die Ethischen Aspekte der KI besuchen konnten.<\/p><p>Die Wochenenden wurden dabei als An- und Abreisetage, sowie als Familientage genutzt \u2013 immerhin wurden unsere G\u00e4ste bei den Familien unserer Sch\u00fclerinnen und Sch\u00fcler untergebracht. Daher an dieser Stelle nochmals ein herzliches Dankesch\u00f6n f\u00fcr die Gastfreundschaft.<\/p>\t\t\t\t\t\t<\/div>\n\t\t\t\t<\/div>\n\t\t\t\t\t<\/div>\n\t\t<\/div>\n\t\t\t\t\t<\/div>\n\t\t<\/section>\n\t\t\t\t<section class=\"elementor-section elementor-top-section elementor-element elementor-element-aba89ff elementor-section-boxed elementor-section-height-default elementor-section-height-default\" data-id=\"aba89ff\" data-element_type=\"section\">\n\t\t\t\t\t\t<div class=\"elementor-container elementor-column-gap-default\">\n\t\t\t\t\t<div class=\"elementor-column elementor-col-50 elementor-top-column elementor-element elementor-element-629a744\" data-id=\"629a744\" data-element_type=\"column\">\n\t\t\t<div class=\"elementor-widget-wrap elementor-element-populated\">\n\t\t\t\t\t\t<div class=\"elementor-element elementor-element-59159be elementor-widget elementor-widget-image\" data-id=\"59159be\" data-element_type=\"widget\" data-widget_type=\"image.default\">\n\t\t\t\t<div class=\"elementor-widget-container\">\n\t\t\t\t\t\t\t\t\t\t\t\t\t<img fetchpriority=\"high\" decoding=\"async\" width=\"640\" height=\"360\" src=\"http:\/\/172.16.202.26\/wp-content\/uploads\/2022\/10\/ew_1-1024x576.jpg\" class=\"attachment-large size-large wp-image-15047\" alt=\"\" srcset=\"http:\/\/172.16.202.26\/wp-content\/uploads\/2022\/10\/ew_1-1024x576.jpg 1024w, http:\/\/172.16.202.26\/wp-content\/uploads\/2022\/10\/ew_1-300x169.jpg 300w, http:\/\/172.16.202.26\/wp-content\/uploads\/2022\/10\/ew_1-768x432.jpg 768w, http:\/\/172.16.202.26\/wp-content\/uploads\/2022\/10\/ew_1-1536x864.jpg 1536w, http:\/\/172.16.202.26\/wp-content\/uploads\/2022\/10\/ew_1-2048x1152.jpg 2048w\" sizes=\"(max-width: 640px) 100vw, 640px\" \/>\t\t\t\t\t\t\t\t\t\t\t\t\t<\/div>\n\t\t\t\t<\/div>\n\t\t\t\t<div class=\"elementor-element elementor-element-57664c2 elementor-widget elementor-widget-heading\" data-id=\"57664c2\" data-element_type=\"widget\" data-widget_type=\"heading.default\">\n\t\t\t\t<div class=\"elementor-widget-container\">\n\t\t\t<div class=\"elementor-heading-title elementor-size-default\">Familien warten auf die G\u00e4ste aus Italien<\/div>\t\t<\/div>\n\t\t\t\t<\/div>\n\t\t\t\t\t<\/div>\n\t\t<\/div>\n\t\t\t\t<div class=\"elementor-column elementor-col-50 elementor-top-column elementor-element elementor-element-7412e03\" data-id=\"7412e03\" data-element_type=\"column\">\n\t\t\t<div class=\"elementor-widget-wrap elementor-element-populated\">\n\t\t\t\t\t\t<div class=\"elementor-element elementor-element-1bf0f7d elementor-widget elementor-widget-image\" data-id=\"1bf0f7d\" data-element_type=\"widget\" data-widget_type=\"image.default\">\n\t\t\t\t<div class=\"elementor-widget-container\">\n\t\t\t\t\t\t\t\t\t\t\t\t\t<img decoding=\"async\" width=\"640\" height=\"480\" src=\"http:\/\/172.16.202.26\/wp-content\/uploads\/2022\/10\/ew_2-1024x768.jpg\" class=\"attachment-large size-large wp-image-15048\" alt=\"\" srcset=\"http:\/\/172.16.202.26\/wp-content\/uploads\/2022\/10\/ew_2-1024x768.jpg 1024w, http:\/\/172.16.202.26\/wp-content\/uploads\/2022\/10\/ew_2-300x225.jpg 300w\" sizes=\"(max-width: 640px) 100vw, 640px\" \/>\t\t\t\t\t\t\t\t\t\t\t\t\t<\/div>\n\t\t\t\t<\/div>\n\t\t\t\t<div class=\"elementor-element elementor-element-4f0d782 elementor-widget elementor-widget-heading\" data-id=\"4f0d782\" data-element_type=\"widget\" data-widget_type=\"heading.default\">\n\t\t\t\t<div class=\"elementor-widget-container\">\n\t\t\t<div class=\"elementor-heading-title elementor-size-default\">Anreise der G\u00e4ste<\/div>\t\t<\/div>\n\t\t\t\t<\/div>\n\t\t\t\t\t<\/div>\n\t\t<\/div>\n\t\t\t\t\t<\/div>\n\t\t<\/section>\n\t\t\t\t<section class=\"elementor-section elementor-top-section elementor-element elementor-element-e022e3b elementor-section-boxed elementor-section-height-default elementor-section-height-default\" data-id=\"e022e3b\" data-element_type=\"section\">\n\t\t\t\t\t\t<div class=\"elementor-container elementor-column-gap-default\">\n\t\t\t\t\t<div class=\"elementor-column elementor-col-100 elementor-top-column elementor-element elementor-element-65013d2\" data-id=\"65013d2\" data-element_type=\"column\">\n\t\t\t<div class=\"elementor-widget-wrap elementor-element-populated\">\n\t\t\t\t\t\t<div class=\"elementor-element elementor-element-5b5341b elementor-widget elementor-widget-text-editor\" data-id=\"5b5341b\" data-element_type=\"widget\" data-widget_type=\"text-editor.default\">\n\t\t\t\t<div class=\"elementor-widget-container\">\n\t\t\t\t\t\t\t<p>Am Montag, den 9.5.22 gab es die Opening Ceremony, wo wir alle G\u00e4ste in unserem Haus begr\u00fc\u00dft haben und das Programm im Detail vorgestellt haben. Nachmittags gabs dann schon den ersten Programmierworkshop durch unseren Schulpartner, den Forschungsverein Practical Robotics Institut Austria (<span style=\"text-decoration: underline;\"><a href=\"http:\/\/pria.at\/index.html\" target=\"_blank\" rel=\"noopener\">PRIA<\/a><\/span>). Dort haben unsere G\u00e4ste gelernt, Educational Robots zusammen zu bauen und mit den Sensoren und Motoren so zu arbeiten, damit die Roboter komplett autonom einer schwarzen Linie folgen konnten.<\/p>\t\t\t\t\t\t<\/div>\n\t\t\t\t<\/div>\n\t\t\t\t\t<\/div>\n\t\t<\/div>\n\t\t\t\t\t<\/div>\n\t\t<\/section>\n\t\t\t\t<section class=\"elementor-section elementor-top-section elementor-element elementor-element-4b6f6f1 elementor-section-boxed elementor-section-height-default elementor-section-height-default\" data-id=\"4b6f6f1\" data-element_type=\"section\">\n\t\t\t\t\t\t<div class=\"elementor-container elementor-column-gap-default\">\n\t\t\t\t\t<div class=\"elementor-column elementor-col-100 elementor-top-column elementor-element elementor-element-11be88a\" data-id=\"11be88a\" data-element_type=\"column\">\n\t\t\t<div class=\"elementor-widget-wrap elementor-element-populated\">\n\t\t\t\t\t\t<div class=\"elementor-element elementor-element-33bb78d elementor-widget elementor-widget-text-editor\" data-id=\"33bb78d\" data-element_type=\"widget\" data-widget_type=\"text-editor.default\">\n\t\t\t\t<div class=\"elementor-widget-container\">\n\t\t\t\t\t\t\t<p>Am Dienstag, 10.5.22 stand ein wenig Sightseeing auf dem Programm, immerhin ist der kulturelle Austausch auch ein Ziel des ERASMUS+ Programms. Dabei haben wir F\u00fchrungen durch die Innenstadt organsiert und eine R\u00e4tselrally durchgef\u00fchrt, die sogar unseren Sch\u00fcler*innen etwas \u00fcber Wien beigebracht hat. Nachmittags gings dann in den Wiener Prater zum Riesenrad und danach \u2013 mit open End \u2013 zu Physikexperimenten mit den diversen Attraktionen.<\/p>\t\t\t\t\t\t<\/div>\n\t\t\t\t<\/div>\n\t\t\t\t\t<\/div>\n\t\t<\/div>\n\t\t\t\t\t<\/div>\n\t\t<\/section>\n\t\t\t\t<section class=\"elementor-section elementor-top-section elementor-element elementor-element-dde0388 elementor-section-boxed elementor-section-height-default elementor-section-height-default\" data-id=\"dde0388\" data-element_type=\"section\">\n\t\t\t\t\t\t<div class=\"elementor-container elementor-column-gap-default\">\n\t\t\t\t\t<div class=\"elementor-column elementor-col-50 elementor-top-column elementor-element elementor-element-23bd6ca\" data-id=\"23bd6ca\" data-element_type=\"column\">\n\t\t\t<div class=\"elementor-widget-wrap elementor-element-populated\">\n\t\t\t\t\t\t<div class=\"elementor-element elementor-element-d8f6244 elementor-widget elementor-widget-image\" data-id=\"d8f6244\" data-element_type=\"widget\" data-widget_type=\"image.default\">\n\t\t\t\t<div class=\"elementor-widget-container\">\n\t\t\t\t\t\t\t\t\t\t\t\t\t<img decoding=\"async\" width=\"640\" height=\"480\" src=\"http:\/\/172.16.202.26\/wp-content\/uploads\/2022\/10\/ew_3-1024x768.jpg\" class=\"attachment-large size-large wp-image-15066\" alt=\"\" srcset=\"http:\/\/172.16.202.26\/wp-content\/uploads\/2022\/10\/ew_3-1024x768.jpg 1024w, http:\/\/172.16.202.26\/wp-content\/uploads\/2022\/10\/ew_3-300x225.jpg 300w\" sizes=\"(max-width: 640px) 100vw, 640px\" \/>\t\t\t\t\t\t\t\t\t\t\t\t\t<\/div>\n\t\t\t\t<\/div>\n\t\t\t\t<div class=\"elementor-element elementor-element-a583b74 elementor-widget elementor-widget-heading\" data-id=\"a583b74\" data-element_type=\"widget\" data-widget_type=\"heading.default\">\n\t\t\t\t<div class=\"elementor-widget-container\">\n\t\t\t<div class=\"elementor-heading-title elementor-size-default\">Stadtf\u00fchrungen beim Stephansplatz ...<\/div>\t\t<\/div>\n\t\t\t\t<\/div>\n\t\t\t\t\t<\/div>\n\t\t<\/div>\n\t\t\t\t<div class=\"elementor-column elementor-col-50 elementor-top-column elementor-element elementor-element-13ea05d\" data-id=\"13ea05d\" data-element_type=\"column\">\n\t\t\t<div class=\"elementor-widget-wrap elementor-element-populated\">\n\t\t\t\t\t\t<div class=\"elementor-element elementor-element-b63a3ef elementor-widget elementor-widget-image\" data-id=\"b63a3ef\" data-element_type=\"widget\" data-widget_type=\"image.default\">\n\t\t\t\t<div class=\"elementor-widget-container\">\n\t\t\t\t\t\t\t\t\t\t\t\t\t<img loading=\"lazy\" decoding=\"async\" width=\"640\" height=\"480\" src=\"http:\/\/172.16.202.26\/wp-content\/uploads\/2022\/10\/ew_4-1024x768.jpg\" class=\"attachment-large size-large wp-image-15049\" alt=\"\" srcset=\"http:\/\/172.16.202.26\/wp-content\/uploads\/2022\/10\/ew_4-1024x768.jpg 1024w, http:\/\/172.16.202.26\/wp-content\/uploads\/2022\/10\/ew_4-300x225.jpg 300w, http:\/\/172.16.202.26\/wp-content\/uploads\/2022\/10\/ew_4-768x576.jpg 768w, http:\/\/172.16.202.26\/wp-content\/uploads\/2022\/10\/ew_4-1536x1152.jpg 1536w, http:\/\/172.16.202.26\/wp-content\/uploads\/2022\/10\/ew_4-2048x1536.jpg 2048w\" sizes=\"(max-width: 640px) 100vw, 640px\" \/>\t\t\t\t\t\t\t\t\t\t\t\t\t<\/div>\n\t\t\t\t<\/div>\n\t\t\t\t<div class=\"elementor-element elementor-element-77c0768 elementor-widget elementor-widget-heading\" data-id=\"77c0768\" data-element_type=\"widget\" data-widget_type=\"heading.default\">\n\t\t\t\t<div class=\"elementor-widget-container\">\n\t\t\t<div class=\"elementor-heading-title elementor-size-default\">... und Riesenrad im Prater<\/div>\t\t<\/div>\n\t\t\t\t<\/div>\n\t\t\t\t\t<\/div>\n\t\t<\/div>\n\t\t\t\t\t<\/div>\n\t\t<\/section>\n\t\t\t\t<section class=\"elementor-section elementor-top-section elementor-element elementor-element-482ddb8 elementor-section-boxed elementor-section-height-default elementor-section-height-default\" data-id=\"482ddb8\" data-element_type=\"section\">\n\t\t\t\t\t\t<div class=\"elementor-container elementor-column-gap-default\">\n\t\t\t\t\t<div class=\"elementor-column elementor-col-100 elementor-top-column elementor-element elementor-element-65ca814\" data-id=\"65ca814\" data-element_type=\"column\">\n\t\t\t<div class=\"elementor-widget-wrap elementor-element-populated\">\n\t\t\t\t\t\t<div class=\"elementor-element elementor-element-d42765f elementor-widget elementor-widget-text-editor\" data-id=\"d42765f\" data-element_type=\"widget\" data-widget_type=\"text-editor.default\">\n\t\t\t\t<div class=\"elementor-widget-container\">\n\t\t\t\t\t\t\t<p>Am Mittwoch, den 11.5.22 stand wieder die Technik im Fokus. Einerseits wurde im Rahmen der Werkst\u00e4tte ein Roboter aus Elektronikkomponenten und der Bearbeitung von Kunstoffen gefertigt, der dem Licht einer Taschenlampe folgt und so intelligent wirkt. Auf der anderen Seite wurde im Rahmen eines Wettbewerbs die beste L\u00f6sung des Line-Following-Robots (von l\u00e4nder\u00fcbergreifenden Teams) vom ersten Tag pr\u00e4miert.<\/p>\t\t\t\t\t\t<\/div>\n\t\t\t\t<\/div>\n\t\t\t\t\t<\/div>\n\t\t<\/div>\n\t\t\t\t\t<\/div>\n\t\t<\/section>\n\t\t\t\t<section class=\"elementor-section elementor-top-section elementor-element elementor-element-fd23792 elementor-section-boxed elementor-section-height-default elementor-section-height-default\" data-id=\"fd23792\" data-element_type=\"section\">\n\t\t\t\t\t\t<div class=\"elementor-container elementor-column-gap-default\">\n\t\t\t\t\t<div class=\"elementor-column elementor-col-50 elementor-top-column elementor-element elementor-element-72331b9\" data-id=\"72331b9\" data-element_type=\"column\">\n\t\t\t<div class=\"elementor-widget-wrap elementor-element-populated\">\n\t\t\t\t\t\t<div class=\"elementor-element elementor-element-a211de5 elementor-widget elementor-widget-image\" data-id=\"a211de5\" data-element_type=\"widget\" data-widget_type=\"image.default\">\n\t\t\t\t<div class=\"elementor-widget-container\">\n\t\t\t\t\t\t\t\t\t\t\t\t\t<img loading=\"lazy\" decoding=\"async\" width=\"640\" height=\"586\" src=\"http:\/\/172.16.202.26\/wp-content\/uploads\/2022\/10\/ew_5-2-1024x938.jpg\" class=\"attachment-large size-large wp-image-15071\" alt=\"\" srcset=\"http:\/\/172.16.202.26\/wp-content\/uploads\/2022\/10\/ew_5-2-1024x938.jpg 1024w, http:\/\/172.16.202.26\/wp-content\/uploads\/2022\/10\/ew_5-2-300x275.jpg 300w, http:\/\/172.16.202.26\/wp-content\/uploads\/2022\/10\/ew_5-2-768x703.jpg 768w, http:\/\/172.16.202.26\/wp-content\/uploads\/2022\/10\/ew_5-2-1536x1407.jpg 1536w, http:\/\/172.16.202.26\/wp-content\/uploads\/2022\/10\/ew_5-2-2048x1875.jpg 2048w\" sizes=\"(max-width: 640px) 100vw, 640px\" \/>\t\t\t\t\t\t\t\t\t\t\t\t\t<\/div>\n\t\t\t\t<\/div>\n\t\t\t\t<div class=\"elementor-element elementor-element-06ed994 elementor-widget elementor-widget-heading\" data-id=\"06ed994\" data-element_type=\"widget\" data-widget_type=\"heading.default\">\n\t\t\t\t<div class=\"elementor-widget-container\">\n\t\t\t<div class=\"elementor-heading-title elementor-size-default\">Besuch der Kunststofftechnik-Werkst\u00e4tte<\/div>\t\t<\/div>\n\t\t\t\t<\/div>\n\t\t\t\t\t<\/div>\n\t\t<\/div>\n\t\t\t\t<div class=\"elementor-column elementor-col-50 elementor-top-column elementor-element elementor-element-74020b4\" data-id=\"74020b4\" data-element_type=\"column\">\n\t\t\t<div class=\"elementor-widget-wrap elementor-element-populated\">\n\t\t\t\t\t\t<div class=\"elementor-element elementor-element-52a7e30 elementor-widget elementor-widget-image\" data-id=\"52a7e30\" data-element_type=\"widget\" data-widget_type=\"image.default\">\n\t\t\t\t<div class=\"elementor-widget-container\">\n\t\t\t\t\t\t\t\t\t\t\t\t\t<img loading=\"lazy\" decoding=\"async\" width=\"640\" height=\"480\" src=\"http:\/\/172.16.202.26\/wp-content\/uploads\/2022\/10\/ew_6-1024x768.jpg\" class=\"attachment-large size-large wp-image-15051\" alt=\"\" srcset=\"http:\/\/172.16.202.26\/wp-content\/uploads\/2022\/10\/ew_6-1024x768.jpg 1024w, http:\/\/172.16.202.26\/wp-content\/uploads\/2022\/10\/ew_6-300x225.jpg 300w, http:\/\/172.16.202.26\/wp-content\/uploads\/2022\/10\/ew_6-768x576.jpg 768w, http:\/\/172.16.202.26\/wp-content\/uploads\/2022\/10\/ew_6-1536x1152.jpg 1536w, http:\/\/172.16.202.26\/wp-content\/uploads\/2022\/10\/ew_6-2048x1536.jpg 2048w\" sizes=\"(max-width: 640px) 100vw, 640px\" \/>\t\t\t\t\t\t\t\t\t\t\t\t\t<\/div>\n\t\t\t\t<\/div>\n\t\t\t\t<div class=\"elementor-element elementor-element-a42b179 elementor-widget elementor-widget-heading\" data-id=\"a42b179\" data-element_type=\"widget\" data-widget_type=\"heading.default\">\n\t\t\t\t<div class=\"elementor-widget-container\">\n\t\t\t<div class=\"elementor-heading-title elementor-size-default\">ein l\u00e4nder\u00fcbergreifendes Sch\u00fcler-Plakat<\/div>\t\t<\/div>\n\t\t\t\t<\/div>\n\t\t\t\t\t<\/div>\n\t\t<\/div>\n\t\t\t\t\t<\/div>\n\t\t<\/section>\n\t\t\t\t<section class=\"elementor-section elementor-top-section elementor-element elementor-element-93a188e elementor-section-boxed elementor-section-height-default elementor-section-height-default\" data-id=\"93a188e\" data-element_type=\"section\">\n\t\t\t\t\t\t<div class=\"elementor-container elementor-column-gap-default\">\n\t\t\t\t\t<div class=\"elementor-column elementor-col-100 elementor-top-column elementor-element elementor-element-6a7a00a\" data-id=\"6a7a00a\" data-element_type=\"column\">\n\t\t\t<div class=\"elementor-widget-wrap elementor-element-populated\">\n\t\t\t\t\t\t<div class=\"elementor-element elementor-element-8c23a2e elementor-widget elementor-widget-text-editor\" data-id=\"8c23a2e\" data-element_type=\"widget\" data-widget_type=\"text-editor.default\">\n\t\t\t\t<div class=\"elementor-widget-container\">\n\t\t\t\t\t\t\t<p>Am Donnerstag gab es Vortr\u00e4ge unserer Expertinnen und Experten zu den Themen Data-Science (Prof. Alexandra Posekany), Ethics and AI (Prof. Michael Graf), Game-Development and AI (Prof. Eugen Jiresch) und Robotics (Prof. Erhard List). Am Nachmittag gab es aus den einzelnen teilnehmenden L\u00e4ndern \u201eStudent-Presentations\u201c, wo die Sch\u00fclerinnen und Sch\u00fcler ihre Projektfortschritte rund um den NAO-Roboter pr\u00e4sentierten.<\/p>\t\t\t\t\t\t<\/div>\n\t\t\t\t<\/div>\n\t\t\t\t\t<\/div>\n\t\t<\/div>\n\t\t\t\t\t<\/div>\n\t\t<\/section>\n\t\t\t\t<section class=\"elementor-section elementor-top-section elementor-element elementor-element-be43997 elementor-section-boxed elementor-section-height-default elementor-section-height-default\" data-id=\"be43997\" data-element_type=\"section\">\n\t\t\t\t\t\t<div class=\"elementor-container elementor-column-gap-default\">\n\t\t\t\t\t<div class=\"elementor-column elementor-col-50 elementor-top-column elementor-element elementor-element-1391bc5\" data-id=\"1391bc5\" data-element_type=\"column\">\n\t\t\t<div class=\"elementor-widget-wrap elementor-element-populated\">\n\t\t\t\t\t\t<div class=\"elementor-element elementor-element-ab00620 elementor-widget elementor-widget-image\" data-id=\"ab00620\" data-element_type=\"widget\" data-widget_type=\"image.default\">\n\t\t\t\t<div class=\"elementor-widget-container\">\n\t\t\t\t\t\t\t\t\t\t\t\t\t<img decoding=\"async\" src=\"http:\/\/172.16.202.26\/wp-content\/uploads\/elementor\/thumbs\/ew_7-1-pw0a41f618cuodf0nmnxowph81024w7e2171rz8ywa.jpg\" title=\"ew_7\" alt=\"ew_7\" loading=\"lazy\" \/>\t\t\t\t\t\t\t\t\t\t\t\t\t<\/div>\n\t\t\t\t<\/div>\n\t\t\t\t<div class=\"elementor-element elementor-element-457cb83 elementor-widget elementor-widget-heading\" data-id=\"457cb83\" data-element_type=\"widget\" data-widget_type=\"heading.default\">\n\t\t\t\t<div class=\"elementor-widget-container\">\n\t\t\t<div class=\"elementor-heading-title elementor-size-default\">Prof. Jiresch und ...<\/div>\t\t<\/div>\n\t\t\t\t<\/div>\n\t\t\t\t\t<\/div>\n\t\t<\/div>\n\t\t\t\t<div class=\"elementor-column elementor-col-50 elementor-top-column elementor-element elementor-element-80a4f07\" data-id=\"80a4f07\" data-element_type=\"column\">\n\t\t\t<div class=\"elementor-widget-wrap elementor-element-populated\">\n\t\t\t\t\t\t<div class=\"elementor-element elementor-element-d8ef59e elementor-widget elementor-widget-image\" data-id=\"d8ef59e\" data-element_type=\"widget\" data-widget_type=\"image.default\">\n\t\t\t\t<div class=\"elementor-widget-container\">\n\t\t\t\t\t\t\t\t\t\t\t\t\t<img decoding=\"async\" src=\"http:\/\/172.16.202.26\/wp-content\/uploads\/elementor\/thumbs\/ew_8-scaled-pw0a21zfltn260as8rsafeqg2qs5vwbsg7m5ay6w16.jpg\" title=\"ew_8\" alt=\"ew_8\" loading=\"lazy\" \/>\t\t\t\t\t\t\t\t\t\t\t\t\t<\/div>\n\t\t\t\t<\/div>\n\t\t\t\t<div class=\"elementor-element elementor-element-d99f767 elementor-widget elementor-widget-heading\" data-id=\"d99f767\" data-element_type=\"widget\" data-widget_type=\"heading.default\">\n\t\t\t\t<div class=\"elementor-widget-container\">\n\t\t\t<div class=\"elementor-heading-title elementor-size-default\">... Prof. Posekany bei Ihren Vortr\u00e4gen\/Workshops<\/div>\t\t<\/div>\n\t\t\t\t<\/div>\n\t\t\t\t\t<\/div>\n\t\t<\/div>\n\t\t\t\t\t<\/div>\n\t\t<\/section>\n\t\t\t\t<section class=\"elementor-section elementor-top-section elementor-element elementor-element-9a7d159 elementor-section-boxed elementor-section-height-default elementor-section-height-default\" data-id=\"9a7d159\" data-element_type=\"section\">\n\t\t\t\t\t\t<div class=\"elementor-container elementor-column-gap-default\">\n\t\t\t\t\t<div class=\"elementor-column elementor-col-50 elementor-top-column elementor-element elementor-element-7e5893d\" data-id=\"7e5893d\" data-element_type=\"column\">\n\t\t\t<div class=\"elementor-widget-wrap elementor-element-populated\">\n\t\t\t\t\t\t<div class=\"elementor-element elementor-element-d773c26 elementor-widget elementor-widget-image\" data-id=\"d773c26\" data-element_type=\"widget\" data-widget_type=\"image.default\">\n\t\t\t\t<div class=\"elementor-widget-container\">\n\t\t\t\t\t\t\t\t\t\t\t\t\t<img decoding=\"async\" src=\"http:\/\/172.16.202.26\/wp-content\/uploads\/elementor\/thumbs\/ew_9-scaled-pw085naa7vzt7nnzp79qyo6rp7yhowr1pmdzxzmcve.jpg\" title=\"ew_9\" alt=\"ew_9\" loading=\"lazy\" \/>\t\t\t\t\t\t\t\t\t\t\t\t\t<\/div>\n\t\t\t\t<\/div>\n\t\t\t\t<div class=\"elementor-element elementor-element-2f09127 elementor-widget elementor-widget-heading\" data-id=\"2f09127\" data-element_type=\"widget\" data-widget_type=\"heading.default\">\n\t\t\t\t<div class=\"elementor-widget-container\">\n\t\t\t<div class=\"elementor-heading-title elementor-size-default\">Prof. List vor den Robotern im PRIA-Labor<\/div>\t\t<\/div>\n\t\t\t\t<\/div>\n\t\t\t\t\t<\/div>\n\t\t<\/div>\n\t\t\t\t<div class=\"elementor-column elementor-col-50 elementor-top-column elementor-element elementor-element-06f0315\" data-id=\"06f0315\" data-element_type=\"column\">\n\t\t\t<div class=\"elementor-widget-wrap elementor-element-populated\">\n\t\t\t\t\t\t<div class=\"elementor-element elementor-element-279821e elementor-widget elementor-widget-image\" data-id=\"279821e\" data-element_type=\"widget\" data-widget_type=\"image.default\">\n\t\t\t\t<div class=\"elementor-widget-container\">\n\t\t\t\t\t\t\t\t\t\t\t\t\t<img decoding=\"async\" src=\"http:\/\/172.16.202.26\/wp-content\/uploads\/elementor\/thumbs\/ew_10-scaled-pw085ykchwf92z7lvc59slcatuew99ztr67tpb5msq.jpg\" title=\"ew_10\" alt=\"ew_10\" loading=\"lazy\" \/>\t\t\t\t\t\t\t\t\t\t\t\t\t<\/div>\n\t\t\t\t<\/div>\n\t\t\t\t<div class=\"elementor-element elementor-element-254b248 elementor-widget elementor-widget-heading\" data-id=\"254b248\" data-element_type=\"widget\" data-widget_type=\"heading.default\">\n\t\t\t\t<div class=\"elementor-widget-container\">\n\t\t\t<div class=\"elementor-heading-title elementor-size-default\">... und Sch\u00fclerinnen bei den Pr\u00e4sentationen<\/div>\t\t<\/div>\n\t\t\t\t<\/div>\n\t\t\t\t\t<\/div>\n\t\t<\/div>\n\t\t\t\t\t<\/div>\n\t\t<\/section>\n\t\t\t\t<section class=\"elementor-section elementor-top-section elementor-element elementor-element-7e44720 elementor-section-boxed elementor-section-height-default elementor-section-height-default\" data-id=\"7e44720\" data-element_type=\"section\">\n\t\t\t\t\t\t<div class=\"elementor-container elementor-column-gap-default\">\n\t\t\t\t\t<div class=\"elementor-column elementor-col-50 elementor-top-column elementor-element elementor-element-42ce70a\" data-id=\"42ce70a\" data-element_type=\"column\">\n\t\t\t<div class=\"elementor-widget-wrap elementor-element-populated\">\n\t\t\t\t\t\t<div class=\"elementor-element elementor-element-84e22d7 elementor-widget elementor-widget-image\" data-id=\"84e22d7\" data-element_type=\"widget\" data-widget_type=\"image.default\">\n\t\t\t\t<div class=\"elementor-widget-container\">\n\t\t\t\t\t\t\t\t\t\t\t\t\t<img decoding=\"async\" src=\"http:\/\/172.16.202.26\/wp-content\/uploads\/elementor\/thumbs\/ew_11-scaled-pw086bq35kx9liohqhu1ri0r58m191g2gzcmf6m4dm.jpg\" title=\"ew_11\" alt=\"ew_11\" loading=\"lazy\" \/>\t\t\t\t\t\t\t\t\t\t\t\t\t<\/div>\n\t\t\t\t<\/div>\n\t\t\t\t<div class=\"elementor-element elementor-element-8c26a9d elementor-widget elementor-widget-heading\" data-id=\"8c26a9d\" data-element_type=\"widget\" data-widget_type=\"heading.default\">\n\t\t\t\t<div class=\"elementor-widget-container\">\n\t\t\t<div class=\"elementor-heading-title elementor-size-default\">Auch Gesichtserkennung ...<\/div>\t\t<\/div>\n\t\t\t\t<\/div>\n\t\t\t\t\t<\/div>\n\t\t<\/div>\n\t\t\t\t<div class=\"elementor-column elementor-col-50 elementor-top-column elementor-element elementor-element-72323b6\" data-id=\"72323b6\" data-element_type=\"column\">\n\t\t\t<div class=\"elementor-widget-wrap elementor-element-populated\">\n\t\t\t\t\t\t<div class=\"elementor-element elementor-element-7e87451 elementor-widget elementor-widget-image\" data-id=\"7e87451\" data-element_type=\"widget\" data-widget_type=\"image.default\">\n\t\t\t\t<div class=\"elementor-widget-container\">\n\t\t\t\t\t\t\t\t\t\t\t\t\t<img decoding=\"async\" src=\"http:\/\/172.16.202.26\/wp-content\/uploads\/elementor\/thumbs\/ew_12-scaled-pw086l4h1xa4tmau7lwbgfnd33bpe0hdu9vh7y86ne.jpg\" title=\"ew_12\" alt=\"ew_12\" loading=\"lazy\" \/>\t\t\t\t\t\t\t\t\t\t\t\t\t<\/div>\n\t\t\t\t<\/div>\n\t\t\t\t<div class=\"elementor-element elementor-element-c8dd95e elementor-widget elementor-widget-heading\" data-id=\"c8dd95e\" data-element_type=\"widget\" data-widget_type=\"heading.default\">\n\t\t\t\t<div class=\"elementor-widget-container\">\n\t\t\t<div class=\"elementor-heading-title elementor-size-default\">.... und Python mit dem NAO-Roboter stand auf dem Programm<\/div>\t\t<\/div>\n\t\t\t\t<\/div>\n\t\t\t\t\t<\/div>\n\t\t<\/div>\n\t\t\t\t\t<\/div>\n\t\t<\/section>\n\t\t\t\t<section class=\"elementor-section elementor-top-section elementor-element elementor-element-c4216f9 elementor-section-boxed elementor-section-height-default elementor-section-height-default\" data-id=\"c4216f9\" data-element_type=\"section\">\n\t\t\t\t\t\t<div class=\"elementor-container elementor-column-gap-default\">\n\t\t\t\t\t<div class=\"elementor-column elementor-col-100 elementor-top-column elementor-element elementor-element-2cf95aa\" data-id=\"2cf95aa\" data-element_type=\"column\">\n\t\t\t<div class=\"elementor-widget-wrap elementor-element-populated\">\n\t\t\t\t\t\t<div class=\"elementor-element elementor-element-ac3fda8 elementor-widget elementor-widget-text-editor\" data-id=\"ac3fda8\" data-element_type=\"widget\" data-widget_type=\"text-editor.default\">\n\t\t\t\t<div class=\"elementor-widget-container\">\n\t\t\t\t\t\t\t<p>Freitag stand wieder im Zeichen des kulturellen Austausches und startete mit einer F\u00fchrung durch das Sissi-Museum in Sch\u00f6nbrunn. Anschlie\u00dfend ging es ins Technische Museum Wien, dass ja den mit Wilhelm Exner den gleichen Gr\u00fcnder wie unsere Schule hat, weiter. Dort konnte die Ausstellung besucht und ein AI-Workshop absolviert werden. Damit war das Technische Museum der ideale Ort, um die Closing Ceremony mit der Urkundenverleihung zu bestreiten.<\/p>\t\t\t\t\t\t<\/div>\n\t\t\t\t<\/div>\n\t\t\t\t\t<\/div>\n\t\t<\/div>\n\t\t\t\t\t<\/div>\n\t\t<\/section>\n\t\t\t\t<section class=\"elementor-section elementor-top-section elementor-element elementor-element-2180291 elementor-section-boxed elementor-section-height-default elementor-section-height-default\" data-id=\"2180291\" data-element_type=\"section\">\n\t\t\t\t\t\t<div class=\"elementor-container elementor-column-gap-default\">\n\t\t\t\t\t<div class=\"elementor-column elementor-col-50 elementor-top-column elementor-element elementor-element-2eb8c3b\" data-id=\"2eb8c3b\" data-element_type=\"column\">\n\t\t\t<div class=\"elementor-widget-wrap elementor-element-populated\">\n\t\t\t\t\t\t<div class=\"elementor-element elementor-element-a2bbc15 elementor-widget elementor-widget-image\" data-id=\"a2bbc15\" data-element_type=\"widget\" data-widget_type=\"image.default\">\n\t\t\t\t<div class=\"elementor-widget-container\">\n\t\t\t\t\t\t\t\t\t\t\t\t\t<img decoding=\"async\" src=\"http:\/\/172.16.202.26\/wp-content\/uploads\/elementor\/thumbs\/ew_13-pw086ovtt9fa425dlnitqep7gmt68swb6shf522lyi.jpg\" title=\"ew_13\" alt=\"ew_13\" loading=\"lazy\" \/>\t\t\t\t\t\t\t\t\t\t\t\t\t<\/div>\n\t\t\t\t<\/div>\n\t\t\t\t<div class=\"elementor-element elementor-element-f97522e elementor-widget elementor-widget-heading\" data-id=\"f97522e\" data-element_type=\"widget\" data-widget_type=\"heading.default\">\n\t\t\t\t<div class=\"elementor-widget-container\">\n\t\t\t<div class=\"elementor-heading-title elementor-size-default\">Die Lehrkr\u00e4fte vor Schloss Sch\u00f6nbrunn und der Organisator<\/div>\t\t<\/div>\n\t\t\t\t<\/div>\n\t\t\t\t\t<\/div>\n\t\t<\/div>\n\t\t\t\t<div class=\"elementor-column elementor-col-50 elementor-top-column elementor-element elementor-element-711b65f\" data-id=\"711b65f\" data-element_type=\"column\">\n\t\t\t<div class=\"elementor-widget-wrap elementor-element-populated\">\n\t\t\t\t\t\t<div class=\"elementor-element elementor-element-33f9b7c elementor-widget elementor-widget-image\" data-id=\"33f9b7c\" data-element_type=\"widget\" data-widget_type=\"image.default\">\n\t\t\t\t<div class=\"elementor-widget-container\">\n\t\t\t\t\t\t\t\t\t\t\t\t\t<img decoding=\"async\" src=\"http:\/\/172.16.202.26\/wp-content\/uploads\/elementor\/thumbs\/ew_14-scaled-pw086wejbxpkoxugdqruacsw7ps3ydq5vtpaz9rgkq.jpg\" title=\"ew_14\" alt=\"ew_14\" loading=\"lazy\" \/>\t\t\t\t\t\t\t\t\t\t\t\t\t<\/div>\n\t\t\t\t<\/div>\n\t\t\t\t<div class=\"elementor-element elementor-element-e8191ae elementor-widget elementor-widget-heading\" data-id=\"e8191ae\" data-element_type=\"widget\" data-widget_type=\"heading.default\">\n\t\t\t\t<div class=\"elementor-widget-container\">\n\t\t\t<div class=\"elementor-heading-title elementor-size-default\">AV Gottfried Koppensteiner bei der Statue von Wilhelm Exner im technischen Museum<\/div>\t\t<\/div>\n\t\t\t\t<\/div>\n\t\t\t\t\t<\/div>\n\t\t<\/div>\n\t\t\t\t\t<\/div>\n\t\t<\/section>\n\t\t\t\t<section class=\"elementor-section elementor-top-section elementor-element elementor-element-f19009b elementor-section-boxed elementor-section-height-default elementor-section-height-default\" data-id=\"f19009b\" data-element_type=\"section\">\n\t\t\t\t\t\t<div class=\"elementor-container elementor-column-gap-default\">\n\t\t\t\t\t<div class=\"elementor-column elementor-col-50 elementor-top-column elementor-element elementor-element-0a909cc\" data-id=\"0a909cc\" data-element_type=\"column\">\n\t\t\t<div class=\"elementor-widget-wrap elementor-element-populated\">\n\t\t\t\t\t\t<div class=\"elementor-element elementor-element-e949c42 elementor-widget elementor-widget-image\" data-id=\"e949c42\" data-element_type=\"widget\" data-widget_type=\"image.default\">\n\t\t\t\t<div class=\"elementor-widget-container\">\n\t\t\t\t\t\t\t\t\t\t\t\t\t<img loading=\"lazy\" decoding=\"async\" width=\"1600\" height=\"738\" src=\"http:\/\/172.16.202.26\/wp-content\/uploads\/2022\/10\/ew_15.jpg\" class=\"attachment-full size-full wp-image-15060\" alt=\"\" srcset=\"http:\/\/172.16.202.26\/wp-content\/uploads\/2022\/10\/ew_15.jpg 1600w, http:\/\/172.16.202.26\/wp-content\/uploads\/2022\/10\/ew_15-300x138.jpg 300w, http:\/\/172.16.202.26\/wp-content\/uploads\/2022\/10\/ew_15-1024x472.jpg 1024w, http:\/\/172.16.202.26\/wp-content\/uploads\/2022\/10\/ew_15-768x354.jpg 768w, http:\/\/172.16.202.26\/wp-content\/uploads\/2022\/10\/ew_15-1536x708.jpg 1536w\" sizes=\"(max-width: 1600px) 100vw, 1600px\" \/>\t\t\t\t\t\t\t\t\t\t\t\t\t<\/div>\n\t\t\t\t<\/div>\n\t\t\t\t<div class=\"elementor-element elementor-element-a6fc394 elementor-widget elementor-widget-heading\" data-id=\"a6fc394\" data-element_type=\"widget\" data-widget_type=\"heading.default\">\n\t\t\t\t<div class=\"elementor-widget-container\">\n\t\t\t<div class=\"elementor-heading-title elementor-size-default\">Awards- and Closing Ceremony im Technischen Museum Wien <\/div>\t\t<\/div>\n\t\t\t\t<\/div>\n\t\t\t\t\t<\/div>\n\t\t<\/div>\n\t\t\t\t<div class=\"elementor-column elementor-col-50 elementor-top-column elementor-element elementor-element-d2bc546\" data-id=\"d2bc546\" data-element_type=\"column\">\n\t\t\t<div class=\"elementor-widget-wrap elementor-element-populated\">\n\t\t\t\t\t\t<div class=\"elementor-element elementor-element-7eaf348 elementor-widget elementor-widget-image\" data-id=\"7eaf348\" data-element_type=\"widget\" data-widget_type=\"image.default\">\n\t\t\t\t<div class=\"elementor-widget-container\">\n\t\t\t\t\t\t\t\t\t\t\t\t\t<img loading=\"lazy\" decoding=\"async\" width=\"1600\" height=\"900\" src=\"http:\/\/172.16.202.26\/wp-content\/uploads\/2022\/10\/ew_16.jpg\" class=\"attachment-full size-full wp-image-15061\" alt=\"\" srcset=\"http:\/\/172.16.202.26\/wp-content\/uploads\/2022\/10\/ew_16.jpg 1600w, http:\/\/172.16.202.26\/wp-content\/uploads\/2022\/10\/ew_16-300x169.jpg 300w, http:\/\/172.16.202.26\/wp-content\/uploads\/2022\/10\/ew_16-1024x576.jpg 1024w, http:\/\/172.16.202.26\/wp-content\/uploads\/2022\/10\/ew_16-768x432.jpg 768w, http:\/\/172.16.202.26\/wp-content\/uploads\/2022\/10\/ew_16-1536x864.jpg 1536w\" sizes=\"(max-width: 1600px) 100vw, 1600px\" \/>\t\t\t\t\t\t\t\t\t\t\t\t\t<\/div>\n\t\t\t\t<\/div>\n\t\t\t\t\t<\/div>\n\t\t<\/div>\n\t\t\t\t\t<\/div>\n\t\t<\/section>\n\t\t\t\t<section class=\"elementor-section elementor-top-section elementor-element elementor-element-96f4d0a elementor-section-boxed elementor-section-height-default elementor-section-height-default\" data-id=\"96f4d0a\" data-element_type=\"section\">\n\t\t\t\t\t\t<div class=\"elementor-container elementor-column-gap-default\">\n\t\t\t\t\t<div class=\"elementor-column elementor-col-100 elementor-top-column elementor-element elementor-element-fa37ef1\" data-id=\"fa37ef1\" data-element_type=\"column\">\n\t\t\t<div class=\"elementor-widget-wrap elementor-element-populated\">\n\t\t\t\t\t\t<div class=\"elementor-element elementor-element-7ef8aa2 elementor-widget elementor-widget-text-editor\" data-id=\"7ef8aa2\" data-element_type=\"widget\" data-widget_type=\"text-editor.default\">\n\t\t\t\t<div class=\"elementor-widget-container\">\n\t\t\t\t\t\t\t<p>Abschlie\u00dfend l\u00e4sst sich festhalten, dass diese Woche f\u00fcr alle Beteiligten anstrengend, lehrreiche und wundersch\u00f6n war \u2013 Wien und wir haben uns von der besten Seite gezeigt und viele neue Freunde gewonnen. Europa ist, ganz im Sinne von ERASMUS+, ein wenig mehr zusammengewachsen. Wir sagen: #justDoIT!<\/p>\t\t\t\t\t\t<\/div>\n\t\t\t\t<\/div>\n\t\t\t\t\t<\/div>\n\t\t<\/div>\n\t\t\t\t\t<\/div>\n\t\t<\/section>\n\t\t\t\t<section class=\"elementor-section elementor-top-section elementor-element elementor-element-afd5434 elementor-section-boxed elementor-section-height-default elementor-section-height-default\" data-id=\"afd5434\" data-element_type=\"section\">\n\t\t\t\t\t\t<div class=\"elementor-container elementor-column-gap-default\">\n\t\t\t\t\t<div class=\"elementor-column elementor-col-50 elementor-top-column elementor-element elementor-element-61ea5bf\" data-id=\"61ea5bf\" data-element_type=\"column\">\n\t\t\t<div class=\"elementor-widget-wrap elementor-element-populated\">\n\t\t\t\t\t\t<div class=\"elementor-element elementor-element-8acc368 elementor-widget elementor-widget-image\" data-id=\"8acc368\" data-element_type=\"widget\" data-widget_type=\"image.default\">\n\t\t\t\t<div class=\"elementor-widget-container\">\n\t\t\t\t\t\t\t\t\t\t\t\t\t<img loading=\"lazy\" decoding=\"async\" width=\"2560\" height=\"1920\" src=\"http:\/\/172.16.202.26\/wp-content\/uploads\/2022\/10\/ew_17-1-scaled.jpg\" class=\"attachment-full size-full wp-image-15068\" alt=\"\" srcset=\"http:\/\/172.16.202.26\/wp-content\/uploads\/2022\/10\/ew_17-1-scaled.jpg 2560w, http:\/\/172.16.202.26\/wp-content\/uploads\/2022\/10\/ew_17-1-300x225.jpg 300w, http:\/\/172.16.202.26\/wp-content\/uploads\/2022\/10\/ew_17-1-1024x768.jpg 1024w, http:\/\/172.16.202.26\/wp-content\/uploads\/2022\/10\/ew_17-1-768x576.jpg 768w, http:\/\/172.16.202.26\/wp-content\/uploads\/2022\/10\/ew_17-1-1536x1152.jpg 1536w, http:\/\/172.16.202.26\/wp-content\/uploads\/2022\/10\/ew_17-1-2048x1536.jpg 2048w\" sizes=\"(max-width: 2560px) 100vw, 2560px\" \/>\t\t\t\t\t\t\t\t\t\t\t\t\t<\/div>\n\t\t\t\t<\/div>\n\t\t\t\t<div class=\"elementor-element elementor-element-8550c9a elementor-widget elementor-widget-heading\" data-id=\"8550c9a\" data-element_type=\"widget\" data-widget_type=\"heading.default\">\n\t\t\t\t<div class=\"elementor-widget-container\">\n\t\t\t<div class=\"elementor-heading-title elementor-size-default\">Verabschiedung unserer G\u00e4ste beim TGM ...<\/div>\t\t<\/div>\n\t\t\t\t<\/div>\n\t\t\t\t\t<\/div>\n\t\t<\/div>\n\t\t\t\t<div class=\"elementor-column elementor-col-50 elementor-top-column elementor-element elementor-element-348833b\" data-id=\"348833b\" data-element_type=\"column\">\n\t\t\t<div class=\"elementor-widget-wrap elementor-element-populated\">\n\t\t\t\t\t\t<div class=\"elementor-element elementor-element-9b55784 elementor-widget elementor-widget-image\" data-id=\"9b55784\" data-element_type=\"widget\" data-widget_type=\"image.default\">\n\t\t\t\t<div class=\"elementor-widget-container\">\n\t\t\t\t\t\t\t\t\t\t\t\t\t<img loading=\"lazy\" decoding=\"async\" width=\"1920\" height=\"2560\" src=\"http:\/\/172.16.202.26\/wp-content\/uploads\/2022\/10\/ew_18-scaled.jpg\" class=\"attachment-full size-full wp-image-15063\" alt=\"\" srcset=\"http:\/\/172.16.202.26\/wp-content\/uploads\/2022\/10\/ew_18-scaled.jpg 1920w, http:\/\/172.16.202.26\/wp-content\/uploads\/2022\/10\/ew_18-225x300.jpg 225w\" sizes=\"(max-width: 1920px) 100vw, 1920px\" \/>\t\t\t\t\t\t\t\t\t\t\t\t\t<\/div>\n\t\t\t\t<\/div>\n\t\t\t\t<div class=\"elementor-element elementor-element-7cf3ff6 elementor-widget elementor-widget-heading\" data-id=\"7cf3ff6\" data-element_type=\"widget\" data-widget_type=\"heading.default\">\n\t\t\t\t<div class=\"elementor-widget-container\">\n\t\t\t<div class=\"elementor-heading-title elementor-size-default\">... und am Flughafen<\/div>\t\t<\/div>\n\t\t\t\t<\/div>\n\t\t\t\t\t<\/div>\n\t\t<\/div>\n\t\t\t\t\t<\/div>\n\t\t<\/section>\n\t\t\t\t<section class=\"elementor-section elementor-top-section elementor-element elementor-element-cbfc04c elementor-section-boxed elementor-section-height-default elementor-section-height-default\" data-id=\"cbfc04c\" data-element_type=\"section\">\n\t\t\t\t\t\t<div class=\"elementor-container elementor-column-gap-default\">\n\t\t\t\t\t<div class=\"elementor-column elementor-col-100 elementor-top-column elementor-element elementor-element-2769a29\" data-id=\"2769a29\" data-element_type=\"column\">\n\t\t\t<div class=\"elementor-widget-wrap elementor-element-populated\">\n\t\t\t\t\t\t<div class=\"elementor-element elementor-element-d6ad5e7 elementor-widget elementor-widget-text-editor\" data-id=\"d6ad5e7\" data-element_type=\"widget\" data-widget_type=\"text-editor.default\">\n\t\t\t\t<div class=\"elementor-widget-container\">\n\t\t\t\t\t\t\t<p>Wir danken all unseren Sch\u00fclerinnen und Sch\u00fclern sowie deren Familien f\u00fcr ihre Gastfreundschaft, allen mitwirkenden Kolleginnen und Kollegen f\u00fcr deren Einsatz, als auch unserem Partner PRIA und dem OEAD und dem Erasmus-Programm der EU f\u00fcr die M\u00f6glichkeit zur Durchf\u00fchrung dieser wunderbaren ERASMUS+ Short-Mobility Woche in Wien.<\/p>\t\t\t\t\t\t<\/div>\n\t\t\t\t<\/div>\n\t\t\t\t\t<\/div>\n\t\t<\/div>\n\t\t\t\t\t<\/div>\n\t\t<\/section>\n\t\t\t\t<section class=\"elementor-section elementor-top-section elementor-element elementor-element-ebbe856 elementor-section-boxed elementor-section-height-default elementor-section-height-default\" data-id=\"ebbe856\" data-element_type=\"section\">\n\t\t\t\t\t\t<div class=\"elementor-container elementor-column-gap-default\">\n\t\t\t\t\t<div class=\"elementor-column elementor-col-33 elementor-top-column elementor-element elementor-element-c1480f5\" data-id=\"c1480f5\" data-element_type=\"column\">\n\t\t\t<div class=\"elementor-widget-wrap elementor-element-populated\">\n\t\t\t\t\t\t<div class=\"elementor-element elementor-element-991dd08 elementor-widget elementor-widget-image\" data-id=\"991dd08\" data-element_type=\"widget\" data-widget_type=\"image.default\">\n\t\t\t\t<div class=\"elementor-widget-container\">\n\t\t\t\t\t\t\t\t\t\t\t\t\t<img decoding=\"async\" src=\"http:\/\/172.16.202.26\/wp-content\/uploads\/elementor\/thumbs\/pria-pw0ar9zeqagiodssoqmesn2hmqaqkz4meyzigoyne2.jpg\" title=\"pria\" alt=\"pria\" loading=\"lazy\" \/>\t\t\t\t\t\t\t\t\t\t\t\t\t<\/div>\n\t\t\t\t<\/div>\n\t\t\t\t\t<\/div>\n\t\t<\/div>\n\t\t\t\t<div class=\"elementor-column elementor-col-33 elementor-top-column elementor-element elementor-element-d176975\" data-id=\"d176975\" data-element_type=\"column\">\n\t\t\t<div class=\"elementor-widget-wrap elementor-element-populated\">\n\t\t\t\t\t\t<div class=\"elementor-element elementor-element-9a189d8 elementor-widget elementor-widget-image\" data-id=\"9a189d8\" data-element_type=\"widget\" data-widget_type=\"image.default\">\n\t\t\t\t<div class=\"elementor-widget-container\">\n\t\t\t\t\t\t\t\t\t\t\t\t\t<img decoding=\"async\" src=\"http:\/\/172.16.202.26\/wp-content\/uploads\/elementor\/thumbs\/11-e1686742300562-q7y6e9xy6j8bfmyvpn1lh2u878tx28fmoy4hxh44vm.png\" title=\"\" alt=\"\" loading=\"lazy\" \/>\t\t\t\t\t\t\t\t\t\t\t\t\t<\/div>\n\t\t\t\t<\/div>\n\t\t\t\t\t<\/div>\n\t\t<\/div>\n\t\t\t\t<div class=\"elementor-column elementor-col-33 elementor-top-column elementor-element elementor-element-8ebac3f\" data-id=\"8ebac3f\" data-element_type=\"column\">\n\t\t\t<div class=\"elementor-widget-wrap elementor-element-populated\">\n\t\t\t\t\t\t<div class=\"elementor-element elementor-element-31a05e0 elementor-widget elementor-widget-image\" data-id=\"31a05e0\" data-element_type=\"widget\" data-widget_type=\"image.default\">\n\t\t\t\t<div class=\"elementor-widget-container\">\n\t\t\t\t\t\t\t\t\t\t\t\t\t<img decoding=\"async\" src=\"http:\/\/172.16.202.26\/wp-content\/uploads\/elementor\/thumbs\/OeAD_LogoUnterzeile_DE_RGB-pvrsynqpu79jev8zd1iy3ll68k4wmewytoi1ori1vw.png\" title=\"\" alt=\"\" loading=\"lazy\" \/>\t\t\t\t\t\t\t\t\t\t\t\t\t<\/div>\n\t\t\t\t<\/div>\n\t\t\t\t\t<\/div>\n\t\t<\/div>\n\t\t\t\t\t<\/div>\n\t\t<\/section>\n\t\t\t\t<section class=\"elementor-section elementor-top-section elementor-element elementor-element-6270175 elementor-section-boxed elementor-section-height-default elementor-section-height-default\" data-id=\"6270175\" data-element_type=\"section\">\n\t\t\t\t\t\t<div class=\"elementor-container elementor-column-gap-default\">\n\t\t\t\t\t<div class=\"elementor-column elementor-col-100 elementor-top-column elementor-element elementor-element-b572175\" data-id=\"b572175\" data-element_type=\"column\">\n\t\t\t<div class=\"elementor-widget-wrap elementor-element-populated\">\n\t\t\t\t\t\t<div class=\"elementor-element elementor-element-cd738ba elementor-widget elementor-widget-text-editor\" data-id=\"cd738ba\" data-element_type=\"widget\" data-widget_type=\"text-editor.default\">\n\t\t\t\t<div class=\"elementor-widget-container\">\n\t\t\t\t\t\t\t<div data-mobiledoc=\"{&quot;version&quot;:&quot;0.3.2&quot;,&quot;atoms&quot;:[],&quot;cards&quot;:[],&quot;markups&quot;:[],&quot;sections&quot;:[[1,&quot;p&quot;,[[0,[],0,&quot;Das Projekt wird gef\u00f6rdert aus den Mitteln der Europ\u00e4ischen Union im Zuge des Erasmus Programms.&quot;]]]]}\"><div><p style=\"text-align: center;\">Dieses Projekt wurde mit Unterst\u00fctzung der Europ\u00e4ischen Kommission finanziert.<\/p><p style=\"text-align: center;\">Die Verantwortung f\u00fcr den Inhalt dieser Ver\u00f6ffentlichung tr\u00e4gt allein der Verfasser;<\/p><p style=\"text-align: center;\">die Kommission haftet nicht f\u00fcr die weitere Verwendung der darin enthaltenen Angaben.<\/p><\/div><\/div>\t\t\t\t\t\t<\/div>\n\t\t\t\t<\/div>\n\t\t\t\t\t<\/div>\n\t\t<\/div>\n\t\t\t\t\t<\/div>\n\t\t<\/section>\n\t\t\t\t<\/div>\n\t\t","protected":false},"excerpt":{"rendered":"<p>R\u00fcckblick \u2013 das war die Short-Mobility Woche vom 8.5. bis 15.5.2022 in Wien<\/p>\n","protected":false},"author":3,"featured_media":15051,"comment_status":"closed","ping_status":"closed","sticky":false,"template":"elementor_header_footer","format":"standard","meta":[],"categories":[22],"tags":[71],"_links":{"self":[{"href":"http:\/\/172.16.202.26\/index.php?rest_route=\/wp\/v2\/posts\/15045"}],"collection":[{"href":"http:\/\/172.16.202.26\/index.php?rest_route=\/wp\/v2\/posts"}],"about":[{"href":"http:\/\/172.16.202.26\/index.php?rest_route=\/wp\/v2\/types\/post"}],"author":[{"embeddable":true,"href":"http:\/\/172.16.202.26\/index.php?rest_route=\/wp\/v2\/users\/3"}],"replies":[{"embeddable":true,"href":"http:\/\/172.16.202.26\/index.php?rest_route=%2Fwp%2Fv2%2Fcomments&post=15045"}],"version-history":[{"count":8,"href":"http:\/\/172.16.202.26\/index.php?rest_route=\/wp\/v2\/posts\/15045\/revisions"}],"predecessor-version":[{"id":15467,"href":"http:\/\/172.16.202.26\/index.php?rest_route=\/wp\/v2\/posts\/15045\/revisions\/15467"}],"wp:featuredmedia":[{"embeddable":true,"href":"http:\/\/172.16.202.26\/index.php?rest_route=\/wp\/v2\/media\/15051"}],"wp:attachment":[{"href":"http:\/\/172.16.202.26\/index.php?rest_route=%2Fwp%2Fv2%2Fmedia&parent=15045"}],"wp:term":[{"taxonomy":"category","embeddable":true,"href":"http:\/\/172.16.202.26\/index.php?rest_route=%2Fwp%2Fv2%2Fcategories&post=15045"},{"taxonomy":"post_tag","embeddable":true,"href":"http:\/\/172.16.202.26\/index.php?rest_route=%2Fwp%2Fv2%2Ftags&post=15045"}],"curies":[{"name":"wp","href":"https:\/\/api.w.org\/{rel}","templated":true}]}}