{"id":15200,"date":"2022-10-19T13:26:35","date_gmt":"2022-10-19T11:26:35","guid":{"rendered":"https:\/\/www.tgm.ac.at\/?p=15200"},"modified":"2023-07-25T09:36:48","modified_gmt":"2023-07-25T07:36:48","slug":"voesi-software-day-2022","status":"publish","type":"post","link":"http:\/\/172.16.202.26\/?p=15200","title":{"rendered":"V\u00d6SI Software Day 2022"},"content":{"rendered":"\t\t<div data-elementor-type=\"wp-post\" data-elementor-id=\"15200\" class=\"elementor elementor-15200\">\n\t\t\t\t\t\t<section class=\"elementor-section elementor-top-section elementor-element elementor-element-e995881 elementor-section-boxed elementor-section-height-default elementor-section-height-default\" data-id=\"e995881\" data-element_type=\"section\">\n\t\t\t\t\t\t<div class=\"elementor-container elementor-column-gap-default\">\n\t\t\t\t\t<div class=\"elementor-column elementor-col-100 elementor-top-column elementor-element elementor-element-969ad44\" data-id=\"969ad44\" data-element_type=\"column\">\n\t\t\t<div class=\"elementor-widget-wrap elementor-element-populated\">\n\t\t\t\t\t\t<div class=\"elementor-element elementor-element-1a4249c elementor-widget elementor-widget-text-editor\" data-id=\"1a4249c\" data-element_type=\"widget\" data-widget_type=\"text-editor.default\">\n\t\t\t\t<div class=\"elementor-widget-container\">\n\t\t\t<style>\/*! elementor - v3.20.0 - 13-03-2024 *\/\n.elementor-widget-text-editor.elementor-drop-cap-view-stacked .elementor-drop-cap{background-color:#69727d;color:#fff}.elementor-widget-text-editor.elementor-drop-cap-view-framed .elementor-drop-cap{color:#69727d;border:3px solid;background-color:transparent}.elementor-widget-text-editor:not(.elementor-drop-cap-view-default) .elementor-drop-cap{margin-top:8px}.elementor-widget-text-editor:not(.elementor-drop-cap-view-default) .elementor-drop-cap-letter{width:1em;height:1em}.elementor-widget-text-editor .elementor-drop-cap{float:left;text-align:center;line-height:1;font-size:50px}.elementor-widget-text-editor .elementor-drop-cap-letter{display:inline-block}<\/style>\t\t\t\t<p style=\"text-align: center;\">19.10.2022<\/p>\t\t\t\t\t\t<\/div>\n\t\t\t\t<\/div>\n\t\t\t\t\t<\/div>\n\t\t<\/div>\n\t\t\t\t\t<\/div>\n\t\t<\/section>\n\t\t\t\t<section class=\"elementor-section elementor-top-section elementor-element elementor-element-1c7c195 elementor-section-boxed elementor-section-height-default elementor-section-height-default\" data-id=\"1c7c195\" data-element_type=\"section\">\n\t\t\t\t\t\t<div class=\"elementor-container elementor-column-gap-default\">\n\t\t\t\t\t<div class=\"elementor-column elementor-col-100 elementor-top-column elementor-element elementor-element-6ab2c83\" data-id=\"6ab2c83\" data-element_type=\"column\">\n\t\t\t<div class=\"elementor-widget-wrap elementor-element-populated\">\n\t\t\t\t\t\t<div class=\"elementor-element elementor-element-1256be7 elementor-widget elementor-widget-heading\" data-id=\"1256be7\" data-element_type=\"widget\" data-widget_type=\"heading.default\">\n\t\t\t\t<div class=\"elementor-widget-container\">\n\t\t\t<style>\/*! elementor - v3.20.0 - 13-03-2024 *\/\n.elementor-heading-title{padding:0;margin:0;line-height:1}.elementor-widget-heading .elementor-heading-title[class*=elementor-size-]>a{color:inherit;font-size:inherit;line-height:inherit}.elementor-widget-heading .elementor-heading-title.elementor-size-small{font-size:15px}.elementor-widget-heading .elementor-heading-title.elementor-size-medium{font-size:19px}.elementor-widget-heading .elementor-heading-title.elementor-size-large{font-size:29px}.elementor-widget-heading .elementor-heading-title.elementor-size-xl{font-size:39px}.elementor-widget-heading .elementor-heading-title.elementor-size-xxl{font-size:59px}<\/style><h2 class=\"elementor-heading-title elementor-size-default\">Sch\u00fclerinnen und Sch\u00fcler der HIT am Software-Day des V\u00d6SI<\/h2>\t\t<\/div>\n\t\t\t\t<\/div>\n\t\t\t\t\t<\/div>\n\t\t<\/div>\n\t\t\t\t\t<\/div>\n\t\t<\/section>\n\t\t\t\t<section class=\"elementor-section elementor-top-section elementor-element elementor-element-c19439e elementor-section-boxed elementor-section-height-default elementor-section-height-default\" data-id=\"c19439e\" data-element_type=\"section\">\n\t\t\t\t\t\t<div class=\"elementor-container elementor-column-gap-default\">\n\t\t\t\t\t<div class=\"elementor-column elementor-col-100 elementor-top-column elementor-element elementor-element-91f1f48\" data-id=\"91f1f48\" data-element_type=\"column\">\n\t\t\t<div class=\"elementor-widget-wrap elementor-element-populated\">\n\t\t\t\t\t\t<div class=\"elementor-element elementor-element-1eb6783 elementor-widget elementor-widget-image\" data-id=\"1eb6783\" data-element_type=\"widget\" data-widget_type=\"image.default\">\n\t\t\t\t<div class=\"elementor-widget-container\">\n\t\t\t<style>\/*! elementor - v3.20.0 - 13-03-2024 *\/\n.elementor-widget-image{text-align:center}.elementor-widget-image a{display:inline-block}.elementor-widget-image a img[src$=\".svg\"]{width:48px}.elementor-widget-image img{vertical-align:middle;display:inline-block}<\/style>\t\t\t\t\t\t\t\t\t\t<img fetchpriority=\"high\" decoding=\"async\" width=\"640\" height=\"480\" src=\"http:\/\/172.16.202.26\/wp-content\/uploads\/2022\/10\/IMG_5514-768x576.png\" class=\"attachment-medium_large size-medium_large wp-image-15197\" alt=\"\" srcset=\"http:\/\/172.16.202.26\/wp-content\/uploads\/2022\/10\/IMG_5514-768x576.png 768w, http:\/\/172.16.202.26\/wp-content\/uploads\/2022\/10\/IMG_5514-300x225.png 300w, http:\/\/172.16.202.26\/wp-content\/uploads\/2022\/10\/IMG_5514-1024x768.png 1024w, http:\/\/172.16.202.26\/wp-content\/uploads\/2022\/10\/IMG_5514-1536x1152.png 1536w, http:\/\/172.16.202.26\/wp-content\/uploads\/2022\/10\/IMG_5514.png 2016w\" sizes=\"(max-width: 640px) 100vw, 640px\" \/>\t\t\t\t\t\t\t\t\t\t\t\t\t<\/div>\n\t\t\t\t<\/div>\n\t\t\t\t\t<\/div>\n\t\t<\/div>\n\t\t\t\t\t<\/div>\n\t\t<\/section>\n\t\t\t\t<section class=\"elementor-section elementor-top-section elementor-element elementor-element-6270175 elementor-section-boxed elementor-section-height-default elementor-section-height-default\" data-id=\"6270175\" data-element_type=\"section\">\n\t\t\t\t\t\t<div class=\"elementor-container elementor-column-gap-default\">\n\t\t\t\t\t<div class=\"elementor-column elementor-col-100 elementor-top-column elementor-element elementor-element-b572175\" data-id=\"b572175\" data-element_type=\"column\">\n\t\t\t<div class=\"elementor-widget-wrap elementor-element-populated\">\n\t\t\t\t\t\t<div class=\"elementor-element elementor-element-cd738ba elementor-widget elementor-widget-text-editor\" data-id=\"cd738ba\" data-element_type=\"widget\" data-widget_type=\"text-editor.default\">\n\t\t\t\t<div class=\"elementor-widget-container\">\n\t\t\t\t\t\t\t<p>Der <a href=\"http:\/\/www.softwareday.at\/\" target=\"_blank\" rel=\"noopener\"><span style=\"text-decoration: underline;\">V\u00d6SI Software Day 2022<\/span><\/a> stand unter dem Motto \u201eCrisis and Solutions\u201c und fand in der WKO auf der Wiedner Hauptstra\u00dfe statt. Auf dem Software Day wurden die Entwicklungen der letzten beiden Jahre von den gro\u00dfen und kleinen Unternehmen der Softwarebranche analysiert und reflektiert sowie aktuelle Herausforderungen und k\u00fcnftige IT- und Softwareprojekte und Technologien diskutiert. Und mittendrin waren unsere angehenden Jung IT-Technikerinnen und Techniker.<\/p>\t\t\t\t\t\t<\/div>\n\t\t\t\t<\/div>\n\t\t\t\t\t<\/div>\n\t\t<\/div>\n\t\t\t\t\t<\/div>\n\t\t<\/section>\n\t\t\t\t<section class=\"elementor-section elementor-top-section elementor-element elementor-element-f327183 elementor-section-boxed elementor-section-height-default elementor-section-height-default\" data-id=\"f327183\" data-element_type=\"section\">\n\t\t\t\t\t\t<div class=\"elementor-container elementor-column-gap-default\">\n\t\t\t\t\t<div class=\"elementor-column elementor-col-100 elementor-top-column elementor-element elementor-element-8c2e384\" data-id=\"8c2e384\" data-element_type=\"column\">\n\t\t\t<div class=\"elementor-widget-wrap elementor-element-populated\">\n\t\t\t\t\t\t<div class=\"elementor-element elementor-element-80b9f7f elementor-widget elementor-widget-image\" data-id=\"80b9f7f\" data-element_type=\"widget\" data-widget_type=\"image.default\">\n\t\t\t\t<div class=\"elementor-widget-container\">\n\t\t\t\t\t\t\t\t\t\t\t\t\t<img decoding=\"async\" width=\"640\" height=\"480\" src=\"http:\/\/172.16.202.26\/wp-content\/uploads\/2022\/10\/IMG_5509-768x576.png\" class=\"attachment-medium_large size-medium_large wp-image-15196\" alt=\"\" srcset=\"http:\/\/172.16.202.26\/wp-content\/uploads\/2022\/10\/IMG_5509-768x576.png 768w, http:\/\/172.16.202.26\/wp-content\/uploads\/2022\/10\/IMG_5509-300x225.png 300w, http:\/\/172.16.202.26\/wp-content\/uploads\/2022\/10\/IMG_5509-1024x768.png 1024w, http:\/\/172.16.202.26\/wp-content\/uploads\/2022\/10\/IMG_5509-1536x1152.png 1536w, http:\/\/172.16.202.26\/wp-content\/uploads\/2022\/10\/IMG_5509.png 2016w\" sizes=\"(max-width: 640px) 100vw, 640px\" \/>\t\t\t\t\t\t\t\t\t\t\t\t\t<\/div>\n\t\t\t\t<\/div>\n\t\t\t\t\t<\/div>\n\t\t<\/div>\n\t\t\t\t\t<\/div>\n\t\t<\/section>\n\t\t\t\t<section class=\"elementor-section elementor-top-section elementor-element elementor-element-5f62f78 elementor-section-boxed elementor-section-height-default elementor-section-height-default\" data-id=\"5f62f78\" data-element_type=\"section\">\n\t\t\t\t\t\t<div class=\"elementor-container elementor-column-gap-default\">\n\t\t\t\t\t<div class=\"elementor-column elementor-col-100 elementor-top-column elementor-element elementor-element-7bcae8c\" data-id=\"7bcae8c\" data-element_type=\"column\">\n\t\t\t<div class=\"elementor-widget-wrap elementor-element-populated\">\n\t\t\t\t\t\t<div class=\"elementor-element elementor-element-876c914 elementor-widget elementor-widget-text-editor\" data-id=\"876c914\" data-element_type=\"widget\" data-widget_type=\"text-editor.default\">\n\t\t\t\t<div class=\"elementor-widget-container\">\n\t\t\t\t\t\t\t<p>Sehr spannend war dabei die Keynote von Sussane Ebm, CIO vom Flughafen Wien mit dem Titel \u201eVom Boom zur Krise zum Comeback\u201c. Gerade die Luftfahrt und Tourismus-Branche hat in den letzten Jahren eine harte Zeit erlebt. Die weltweite COVID-19-Pandemie hat den Passagierluftverkehr fast zum Stillstand gebracht. Damit wurden Airlines und Flugh\u00e4fen pl\u00f6tzlich und v\u00f6llig unerwartet in die gr\u00f6\u00dfte Krise seit dem Bestehen der Luftfahrtindustrie gest\u00fcrzt. Wie diese existenzbedrohende Situation gemeistert wurde und welche Rolle IT und Software dabei gespielt hat, schilderte Susanne Ebm. Dabei hat sie einerseits aus der Praxis berichtet, aber auch einen kurzweiligen Einblick in die spannende Welt der Luftfahrt gegeben. Ebm ist seit zehn Jahren IT-Leiterin der Flughafen Wien AG mit mehr als 200 Mitarbeiter:innen und damit ein perfektes Role-Model f\u00fcr unsere IT-Technikerinnen der Zukunft.<\/p>\t\t\t\t\t\t<\/div>\n\t\t\t\t<\/div>\n\t\t\t\t\t<\/div>\n\t\t<\/div>\n\t\t\t\t\t<\/div>\n\t\t<\/section>\n\t\t\t\t<section class=\"elementor-section elementor-top-section elementor-element elementor-element-84d8cdb elementor-section-boxed elementor-section-height-default elementor-section-height-default\" data-id=\"84d8cdb\" data-element_type=\"section\">\n\t\t\t\t\t\t<div class=\"elementor-container elementor-column-gap-default\">\n\t\t\t\t\t<div class=\"elementor-column elementor-col-50 elementor-top-column elementor-element elementor-element-f8dd4b5\" data-id=\"f8dd4b5\" data-element_type=\"column\">\n\t\t\t<div class=\"elementor-widget-wrap elementor-element-populated\">\n\t\t\t\t\t\t<div class=\"elementor-element elementor-element-e06c0b3 elementor-widget elementor-widget-image\" data-id=\"e06c0b3\" data-element_type=\"widget\" data-widget_type=\"image.default\">\n\t\t\t\t<div class=\"elementor-widget-container\">\n\t\t\t\t\t\t\t\t\t\t\t\t\t<img decoding=\"async\" width=\"640\" height=\"480\" src=\"http:\/\/172.16.202.26\/wp-content\/uploads\/2022\/10\/IMG_5524-768x576.png\" class=\"attachment-medium_large size-medium_large wp-image-15198\" alt=\"\" srcset=\"http:\/\/172.16.202.26\/wp-content\/uploads\/2022\/10\/IMG_5524-768x576.png 768w, http:\/\/172.16.202.26\/wp-content\/uploads\/2022\/10\/IMG_5524-300x225.png 300w, http:\/\/172.16.202.26\/wp-content\/uploads\/2022\/10\/IMG_5524-1024x768.png 1024w, http:\/\/172.16.202.26\/wp-content\/uploads\/2022\/10\/IMG_5524-1536x1152.png 1536w, http:\/\/172.16.202.26\/wp-content\/uploads\/2022\/10\/IMG_5524.png 2016w\" sizes=\"(max-width: 640px) 100vw, 640px\" \/>\t\t\t\t\t\t\t\t\t\t\t\t\t<\/div>\n\t\t\t\t<\/div>\n\t\t\t\t\t<\/div>\n\t\t<\/div>\n\t\t\t\t<div class=\"elementor-column elementor-col-50 elementor-top-column elementor-element elementor-element-8f1508e\" data-id=\"8f1508e\" data-element_type=\"column\">\n\t\t\t<div class=\"elementor-widget-wrap elementor-element-populated\">\n\t\t\t\t\t\t<div class=\"elementor-element elementor-element-d178b14 elementor-widget elementor-widget-image\" data-id=\"d178b14\" data-element_type=\"widget\" data-widget_type=\"image.default\">\n\t\t\t\t<div class=\"elementor-widget-container\">\n\t\t\t\t\t\t\t\t\t\t\t\t\t<img loading=\"lazy\" decoding=\"async\" width=\"640\" height=\"480\" src=\"http:\/\/172.16.202.26\/wp-content\/uploads\/2022\/10\/IMG_5532-768x576.png\" class=\"attachment-medium_large size-medium_large wp-image-15199\" alt=\"\" srcset=\"http:\/\/172.16.202.26\/wp-content\/uploads\/2022\/10\/IMG_5532-768x576.png 768w, http:\/\/172.16.202.26\/wp-content\/uploads\/2022\/10\/IMG_5532-300x225.png 300w, http:\/\/172.16.202.26\/wp-content\/uploads\/2022\/10\/IMG_5532-1024x768.png 1024w, http:\/\/172.16.202.26\/wp-content\/uploads\/2022\/10\/IMG_5532-1536x1152.png 1536w, http:\/\/172.16.202.26\/wp-content\/uploads\/2022\/10\/IMG_5532.png 2016w\" sizes=\"(max-width: 640px) 100vw, 640px\" \/>\t\t\t\t\t\t\t\t\t\t\t\t\t<\/div>\n\t\t\t\t<\/div>\n\t\t\t\t\t<\/div>\n\t\t<\/div>\n\t\t\t\t\t<\/div>\n\t\t<\/section>\n\t\t\t\t<section class=\"elementor-section elementor-top-section elementor-element elementor-element-187b348 elementor-section-boxed elementor-section-height-default elementor-section-height-default\" data-id=\"187b348\" data-element_type=\"section\">\n\t\t\t\t\t\t<div class=\"elementor-container elementor-column-gap-default\">\n\t\t\t\t\t<div class=\"elementor-column elementor-col-100 elementor-top-column elementor-element elementor-element-d26bcc3\" data-id=\"d26bcc3\" data-element_type=\"column\">\n\t\t\t<div class=\"elementor-widget-wrap elementor-element-populated\">\n\t\t\t\t\t\t<div class=\"elementor-element elementor-element-8d313a8 elementor-widget elementor-widget-text-editor\" data-id=\"8d313a8\" data-element_type=\"widget\" data-widget_type=\"text-editor.default\">\n\t\t\t\t<div class=\"elementor-widget-container\">\n\t\t\t\t\t\t\t<p>Von besonderer Qualit\u00e4t und \u00fcberaus spannend waren auch die Vortr\u00e4ge \u00fcber Digitale Unternehmenstransformation von Almudena Rodriguez Pardo von Pardo &amp; Assocs oder die Digitale Barrierefreiheit und den WACA Standard von Werner Rosenberger aus der Hilfsgemeinschaft der Blinden und Sehbehinderten.<\/p>\t\t\t\t\t\t<\/div>\n\t\t\t\t<\/div>\n\t\t\t\t\t<\/div>\n\t\t<\/div>\n\t\t\t\t\t<\/div>\n\t\t<\/section>\n\t\t\t\t<section class=\"elementor-section elementor-top-section elementor-element elementor-element-a4844f6 elementor-section-boxed elementor-section-height-default elementor-section-height-default\" data-id=\"a4844f6\" data-element_type=\"section\">\n\t\t\t\t\t\t<div class=\"elementor-container elementor-column-gap-default\">\n\t\t\t\t\t<div class=\"elementor-column elementor-col-100 elementor-top-column elementor-element elementor-element-69b3d91\" data-id=\"69b3d91\" data-element_type=\"column\">\n\t\t\t<div class=\"elementor-widget-wrap elementor-element-populated\">\n\t\t\t\t\t\t<div class=\"elementor-element elementor-element-54f1093 elementor-widget elementor-widget-text-editor\" data-id=\"54f1093\" data-element_type=\"widget\" data-widget_type=\"text-editor.default\">\n\t\t\t\t<div class=\"elementor-widget-container\">\n\t\t\t\t\t\t\t<p>Auf dem gro\u00dfen V\u00d6SI Stand haben sich die V\u00d6SI Special Interest Groups (SIG) <span style=\"text-decoration: underline;\"><a href=\"http:\/\/www.womeninict.at\/\" target=\"_blank\" rel=\"noopener\">WOMENinICT<\/a><\/span> (ein Projektpartner unserer Ausbildung), <span style=\"text-decoration: underline;\"><a href=\"http:\/\/www.voesi.or.at\/aktiv\/special-interest-group-wandel-digital\" target=\"_blank\" rel=\"noopener\">Bildungswandel Digital<\/a><\/span>, <span style=\"text-decoration: underline;\"><a href=\"https:\/\/www.ots.at\/redirect\/voesiarchitectuer\" target=\"_blank\" rel=\"noopener\">Enterprise Architecture Management<\/a><\/span>, <a href=\"http:\/\/www.voesi.or.at\/aktiv\/arbeitskreis-safetysecurity\" target=\"_blank\" rel=\"noopener\">Safety &amp; Security<\/a> sowie die neue V\u00d6SI SIG <span style=\"text-decoration: underline;\"><a href=\"https:\/\/www.ots.at\/redirect\/voesiict\" target=\"_blank\" rel=\"noopener\">Accessibility in ICT<\/a><\/span> pr\u00e4sentiert. Neben dem umfangreichen Vortrags- und Workshop-Programm hat es einen Ausstellungsbereich sowie gen\u00fcgend Zeit zum Netzwerken und zum Austausch gegeben. Dabei konnten unsere Sch\u00fclerinnen und Sch\u00fcler auch ehemalige Absolventinnen und Absolventen treffen, wie etwa <span style=\"text-decoration: underline;\"><a href=\"https:\/\/www.mp2.at\/news\/artikel\/frauen-in-der-it\" target=\"_blank\" rel=\"noopener\">Marlene Dorfinger bei M2P IT Solutions GmbH<\/a><\/span>, die dort in einem starken Team an Frauen in der IT beteiligt ist und ebenso unseren Sch\u00fclerinnen Einblick in die Welt einer \u201eWoman in ICT\u201c geben konnte.<\/p>\t\t\t\t\t\t<\/div>\n\t\t\t\t<\/div>\n\t\t\t\t\t<\/div>\n\t\t<\/div>\n\t\t\t\t\t<\/div>\n\t\t<\/section>\n\t\t\t\t<section class=\"elementor-section elementor-top-section elementor-element elementor-element-cb9fc4c elementor-section-boxed elementor-section-height-default elementor-section-height-default\" data-id=\"cb9fc4c\" data-element_type=\"section\">\n\t\t\t\t\t\t<div class=\"elementor-container elementor-column-gap-default\">\n\t\t\t\t\t<div class=\"elementor-column elementor-col-100 elementor-top-column elementor-element elementor-element-0e79206\" data-id=\"0e79206\" data-element_type=\"column\">\n\t\t\t<div class=\"elementor-widget-wrap elementor-element-populated\">\n\t\t\t\t\t\t<div class=\"elementor-element elementor-element-4c00351 elementor-widget elementor-widget-text-editor\" data-id=\"4c00351\" data-element_type=\"widget\" data-widget_type=\"text-editor.default\">\n\t\t\t\t<div class=\"elementor-widget-container\">\n\t\t\t\t\t\t\t<p>Zusammenfassen kann best\u00e4tigt werden, dass dieser Tag f\u00fcr alle eine Bereicherung war und sich bereits die ein oder andere neue Kooperation ins Haus steht! <strong>Wir bedanken uns beim V\u00d6SI f\u00fcr die Organisation sowie unsere Einladung zum Event. Es war gro\u00dfartig!<\/strong><\/p>\t\t\t\t\t\t<\/div>\n\t\t\t\t<\/div>\n\t\t\t\t\t<\/div>\n\t\t<\/div>\n\t\t\t\t\t<\/div>\n\t\t<\/section>\n\t\t\t\t<section class=\"elementor-section elementor-top-section elementor-element elementor-element-2e04930 elementor-section-boxed elementor-section-height-default elementor-section-height-default\" data-id=\"2e04930\" data-element_type=\"section\">\n\t\t\t\t\t\t<div class=\"elementor-container elementor-column-gap-default\">\n\t\t\t\t\t<div class=\"elementor-column elementor-col-100 elementor-top-column elementor-element elementor-element-fc7d3a8\" data-id=\"fc7d3a8\" data-element_type=\"column\">\n\t\t\t<div class=\"elementor-widget-wrap elementor-element-populated\">\n\t\t\t\t\t\t<div class=\"elementor-element elementor-element-8b86b8b elementor-widget elementor-widget-text-editor\" data-id=\"8b86b8b\" data-element_type=\"widget\" data-widget_type=\"text-editor.default\">\n\t\t\t\t<div class=\"elementor-widget-container\">\n\t\t\t\t\t\t\t<p>Anbei noch ein Auszug aus den begeisterten Berichten unserer Sch\u00fclerinnen und Sch\u00fcler:<\/p><p><br><\/p>\n<p><\/p>\n<p><em>\u201eWir haben uns den Vortrag vom Herrn Andreas Schoder, von der Firma &#8222;next layer&#8220; angeh\u00f6rt. Zuerst er sich und die Firma kurz vorgestellt, und hat danach gleich begonnen \u00fcber Cloud-Systeme zu sprechen. Herr Schoder hat den Unterschied zwischen Public, Private und Hyrid Clouds erkl\u00e4rt, und mit Kunden von ihrer Firma Beispiele gezeigt, wie man die Systeme verwendet, und wie &#8222;next layer&#8220; generell arbeitet. Am Ende gab es noch eine kleine Fragerunde wo er auf jegliche Fragen des Publikums eingegangen ist.\u201c<\/em><\/p>\n<p><em>&nbsp;<\/em><\/p>\n<p><em>\u201eDer Tag heute war eine gute Gelegenheit f\u00fcr uns, uns mit Fachleuten aus der Branche zu Unterhalten, und einige Kontakte f\u00fcr unsere berufliche Laufbahn zu kn\u00fcpfen. Die Vortr\u00e4ge waren interessant, und man konnte einiges mitnehmen.\u201c<\/em><\/p>\n<p><em>&nbsp;<\/em><\/p>\n<p><em>\u201eAm heutigen Tag konnte ich viele hilfreiche Informationen sammeln und nette Erfahrungen machen. Vor allem lernte ich genaueres \u00fcber die Firmen Next Layer und Porsche Informatik.\u201c<\/em><\/p>\t\t\t\t\t\t<\/div>\n\t\t\t\t<\/div>\n\t\t\t\t\t<\/div>\n\t\t<\/div>\n\t\t\t\t\t<\/div>\n\t\t<\/section>\n\t\t\t\t<\/div>\n\t\t","protected":false},"excerpt":{"rendered":"<p>Sch\u00fclerinnen und Sch\u00fcler der HIT am Software-Day des V\u00d6SI<\/p>\n","protected":false},"author":3,"featured_media":15195,"comment_status":"closed","ping_status":"closed","sticky":false,"template":"elementor_header_footer","format":"standard","meta":[],"categories":[22],"tags":[71],"_links":{"self":[{"href":"http:\/\/172.16.202.26\/index.php?rest_route=\/wp\/v2\/posts\/15200"}],"collection":[{"href":"http:\/\/172.16.202.26\/index.php?rest_route=\/wp\/v2\/posts"}],"about":[{"href":"http:\/\/172.16.202.26\/index.php?rest_route=\/wp\/v2\/types\/post"}],"author":[{"embeddable":true,"href":"http:\/\/172.16.202.26\/index.php?rest_route=\/wp\/v2\/users\/3"}],"replies":[{"embeddable":true,"href":"http:\/\/172.16.202.26\/index.php?rest_route=%2Fwp%2Fv2%2Fcomments&post=15200"}],"version-history":[{"count":17,"href":"http:\/\/172.16.202.26\/index.php?rest_route=\/wp\/v2\/posts\/15200\/revisions"}],"predecessor-version":[{"id":15217,"href":"http:\/\/172.16.202.26\/index.php?rest_route=\/wp\/v2\/posts\/15200\/revisions\/15217"}],"wp:featuredmedia":[{"embeddable":true,"href":"http:\/\/172.16.202.26\/index.php?rest_route=\/wp\/v2\/media\/15195"}],"wp:attachment":[{"href":"http:\/\/172.16.202.26\/index.php?rest_route=%2Fwp%2Fv2%2Fmedia&parent=15200"}],"wp:term":[{"taxonomy":"category","embeddable":true,"href":"http:\/\/172.16.202.26\/index.php?rest_route=%2Fwp%2Fv2%2Fcategories&post=15200"},{"taxonomy":"post_tag","embeddable":true,"href":"http:\/\/172.16.202.26\/index.php?rest_route=%2Fwp%2Fv2%2Ftags&post=15200"}],"curies":[{"name":"wp","href":"https:\/\/api.w.org\/{rel}","templated":true}]}}