{"id":26463,"date":"2026-01-27T13:16:57","date_gmt":"2026-01-27T12:16:57","guid":{"rendered":"http:\/\/172.16.202.26\/?p=26463"},"modified":"2026-01-27T13:35:24","modified_gmt":"2026-01-27T12:35:24","slug":"die-it-abteilung-am-voesi-software-day","status":"publish","type":"post","link":"http:\/\/172.16.202.26\/?p=26463","title":{"rendered":"Die IT-Abteilung am V\u00d6SI-Software Day"},"content":{"rendered":"\t\t<div data-elementor-type=\"wp-post\" data-elementor-id=\"26463\" class=\"elementor elementor-26463\">\n\t\t\t\t\t\t<section class=\"elementor-section elementor-top-section elementor-element elementor-element-e995881 elementor-section-boxed elementor-section-height-default elementor-section-height-default\" data-id=\"e995881\" data-element_type=\"section\">\n\t\t\t\t\t\t<div class=\"elementor-container elementor-column-gap-default\">\n\t\t\t\t\t<div class=\"elementor-column elementor-col-100 elementor-top-column elementor-element elementor-element-969ad44\" data-id=\"969ad44\" data-element_type=\"column\">\n\t\t\t<div class=\"elementor-widget-wrap elementor-element-populated\">\n\t\t\t\t\t\t<div class=\"elementor-element elementor-element-1a4249c elementor-widget elementor-widget-text-editor\" data-id=\"1a4249c\" data-element_type=\"widget\" data-widget_type=\"text-editor.default\">\n\t\t\t\t<div class=\"elementor-widget-container\">\n\t\t\t<style>\/*! elementor - v3.20.0 - 13-03-2024 *\/\n.elementor-widget-text-editor.elementor-drop-cap-view-stacked .elementor-drop-cap{background-color:#69727d;color:#fff}.elementor-widget-text-editor.elementor-drop-cap-view-framed .elementor-drop-cap{color:#69727d;border:3px solid;background-color:transparent}.elementor-widget-text-editor:not(.elementor-drop-cap-view-default) .elementor-drop-cap{margin-top:8px}.elementor-widget-text-editor:not(.elementor-drop-cap-view-default) .elementor-drop-cap-letter{width:1em;height:1em}.elementor-widget-text-editor .elementor-drop-cap{float:left;text-align:center;line-height:1;font-size:50px}.elementor-widget-text-editor .elementor-drop-cap-letter{display:inline-block}<\/style>\t\t\t\t<p style=\"text-align: center;\">27.01.2026<\/p>\t\t\t\t\t\t<\/div>\n\t\t\t\t<\/div>\n\t\t\t\t\t<\/div>\n\t\t<\/div>\n\t\t\t\t\t<\/div>\n\t\t<\/section>\n\t\t\t\t<section class=\"elementor-section elementor-top-section elementor-element elementor-element-1c7c195 elementor-section-boxed elementor-section-height-default elementor-section-height-default\" data-id=\"1c7c195\" data-element_type=\"section\">\n\t\t\t\t\t\t<div class=\"elementor-container elementor-column-gap-default\">\n\t\t\t\t\t<div class=\"elementor-column elementor-col-100 elementor-top-column elementor-element elementor-element-6ab2c83\" data-id=\"6ab2c83\" data-element_type=\"column\">\n\t\t\t<div class=\"elementor-widget-wrap elementor-element-populated\">\n\t\t\t\t\t\t<div class=\"elementor-element elementor-element-1256be7 elementor-widget elementor-widget-heading\" data-id=\"1256be7\" data-element_type=\"widget\" data-widget_type=\"heading.default\">\n\t\t\t\t<div class=\"elementor-widget-container\">\n\t\t\t<style>\/*! elementor - v3.20.0 - 13-03-2024 *\/\n.elementor-heading-title{padding:0;margin:0;line-height:1}.elementor-widget-heading .elementor-heading-title[class*=elementor-size-]>a{color:inherit;font-size:inherit;line-height:inherit}.elementor-widget-heading .elementor-heading-title.elementor-size-small{font-size:15px}.elementor-widget-heading .elementor-heading-title.elementor-size-medium{font-size:19px}.elementor-widget-heading .elementor-heading-title.elementor-size-large{font-size:29px}.elementor-widget-heading .elementor-heading-title.elementor-size-xl{font-size:39px}.elementor-widget-heading .elementor-heading-title.elementor-size-xxl{font-size:59px}<\/style><h2 class=\"elementor-heading-title elementor-size-default\">V\u00d6SI Software-Day<\/h2>\t\t<\/div>\n\t\t\t\t<\/div>\n\t\t\t\t\t<\/div>\n\t\t<\/div>\n\t\t\t\t\t<\/div>\n\t\t<\/section>\n\t\t\t\t<section class=\"elementor-section elementor-top-section elementor-element elementor-element-6270175 elementor-section-boxed elementor-section-height-default elementor-section-height-default\" data-id=\"6270175\" data-element_type=\"section\">\n\t\t\t\t\t\t<div class=\"elementor-container elementor-column-gap-default\">\n\t\t\t\t\t<div class=\"elementor-column elementor-col-100 elementor-top-column elementor-element elementor-element-b572175\" data-id=\"b572175\" data-element_type=\"column\">\n\t\t\t<div class=\"elementor-widget-wrap elementor-element-populated\">\n\t\t\t\t\t\t<div class=\"elementor-element elementor-element-cd738ba elementor-widget elementor-widget-text-editor\" data-id=\"cd738ba\" data-element_type=\"widget\" data-widget_type=\"text-editor.default\">\n\t\t\t\t<div class=\"elementor-widget-container\">\n\t\t\t\t\t\t\t<p>Auch 2026 durfte wieder eine Auswahl an Sch\u00fcler:innen der 4. und 5. Jahrg\u00e4nge unserer Abteilung am Software-Day des Verbands \u00d6sterreichischer Software Innovationen teilnehmen und tolle Kontakte zur \u00d6sterreichischen IT-Szene kn\u00fcpfen.<\/p>\t\t\t\t\t\t<\/div>\n\t\t\t\t<\/div>\n\t\t\t\t\t<\/div>\n\t\t<\/div>\n\t\t\t\t\t<\/div>\n\t\t<\/section>\n\t\t\t\t<section class=\"elementor-section elementor-top-section elementor-element elementor-element-6a00b59 elementor-section-boxed elementor-section-height-default elementor-section-height-default\" data-id=\"6a00b59\" data-element_type=\"section\">\n\t\t\t\t\t\t<div class=\"elementor-container elementor-column-gap-default\">\n\t\t\t\t\t<div class=\"elementor-column elementor-col-100 elementor-top-column elementor-element elementor-element-f20bf87\" data-id=\"f20bf87\" data-element_type=\"column\">\n\t\t\t<div class=\"elementor-widget-wrap elementor-element-populated\">\n\t\t\t\t\t\t<div class=\"elementor-element elementor-element-f6590ab elementor-widget elementor-widget-image\" data-id=\"f6590ab\" data-element_type=\"widget\" data-widget_type=\"image.default\">\n\t\t\t\t<div class=\"elementor-widget-container\">\n\t\t\t<style>\/*! elementor - v3.20.0 - 13-03-2024 *\/\n.elementor-widget-image{text-align:center}.elementor-widget-image a{display:inline-block}.elementor-widget-image a img[src$=\".svg\"]{width:48px}.elementor-widget-image img{vertical-align:middle;display:inline-block}<\/style>\t\t\t\t\t\t\t\t\t\t<img fetchpriority=\"high\" decoding=\"async\" width=\"640\" height=\"480\" src=\"http:\/\/172.16.202.26\/wp-content\/uploads\/2026\/01\/GRUPPENBILD-1024x768.jpg\" class=\"attachment-large size-large wp-image-26466\" alt=\"\" srcset=\"http:\/\/172.16.202.26\/wp-content\/uploads\/2026\/01\/GRUPPENBILD-1024x768.jpg 1024w, http:\/\/172.16.202.26\/wp-content\/uploads\/2026\/01\/GRUPPENBILD-300x225.jpg 300w, http:\/\/172.16.202.26\/wp-content\/uploads\/2026\/01\/GRUPPENBILD-768x576.jpg 768w, http:\/\/172.16.202.26\/wp-content\/uploads\/2026\/01\/GRUPPENBILD-1536x1152.jpg 1536w, http:\/\/172.16.202.26\/wp-content\/uploads\/2026\/01\/GRUPPENBILD-2048x1536.jpg 2048w\" sizes=\"(max-width: 640px) 100vw, 640px\" \/>\t\t\t\t\t\t\t\t\t\t\t\t\t<\/div>\n\t\t\t\t<\/div>\n\t\t\t\t\t<\/div>\n\t\t<\/div>\n\t\t\t\t\t<\/div>\n\t\t<\/section>\n\t\t\t\t<section class=\"elementor-section elementor-top-section elementor-element elementor-element-104690b elementor-section-boxed elementor-section-height-default elementor-section-height-default\" data-id=\"104690b\" data-element_type=\"section\">\n\t\t\t\t\t\t<div class=\"elementor-container elementor-column-gap-default\">\n\t\t\t\t\t<div class=\"elementor-column elementor-col-100 elementor-top-column elementor-element elementor-element-e0de6e4\" data-id=\"e0de6e4\" data-element_type=\"column\">\n\t\t\t<div class=\"elementor-widget-wrap elementor-element-populated\">\n\t\t\t\t\t\t<div class=\"elementor-element elementor-element-8e2b20b elementor-widget elementor-widget-text-editor\" data-id=\"8e2b20b\" data-element_type=\"widget\" data-widget_type=\"text-editor.default\">\n\t\t\t\t<div class=\"elementor-widget-container\">\n\t\t\t\t\t\t\t<p>Im Mittelpunkt standen dabei wegweisende Themen wie k\u00fcnstliche Intelligenz, Cyber-Resilienz und nachhaltiges Software Engineering, die unter dem Motto wie \u201eThe Poetry of Software\u201c beleuchtet wurden. Durch hochkar\u00e4tige Keynotes und intensive Panel-Diskussionen bot die Veranstaltung einen tiefen Einblick in aktuelle Technologietrends und die Innovationskraft des Standorts \u00d6sterreich.<\/p><p>\u00a0<\/p><p>F\u00fcr unsere IT-Sch\u00fclerinnen und -Sch\u00fcler ergab sich daraus ein erheblicher Mehrwert, da das Event eine direkte Br\u00fccke zwischen der schulischen Ausbildung und der realen Wirtschaft schlug. Die Teilnehmenden erhielten die Gelegenheit, unmittelbar mit Entscheidungstr\u00e4gerinnen und Entwicklern f\u00fchrender IT-Firmen in Kontakt zu treten, was wertvolle M\u00f6glichkeiten f\u00fcr zuk\u00fcnftige Praktika oder den sp\u00e4teren Berufseinstieg nach der Matura er\u00f6ffnete. Zudem lieferten die gezeigten Praxisbeispiele und industriellen Standards wichtige Impulse f\u00fcr die Konzeption eigener Diplomarbeiten, da sie den aktuellen Stand der Technik greifbar machten. Neben dem fachlichen Wissenserwerb bot die Veranstaltung durch Initiativen wie WOMENinICT auch inspirierende Vorbilder und Mentoring-M\u00f6glichkeiten, die den Sch\u00fclerinnen und Sch\u00fclern helfen, ihren Platz in der professionellen IT-Welt von morgen zu finden.<\/p>\t\t\t\t\t\t<\/div>\n\t\t\t\t<\/div>\n\t\t\t\t\t<\/div>\n\t\t<\/div>\n\t\t\t\t\t<\/div>\n\t\t<\/section>\n\t\t\t\t<section class=\"elementor-section elementor-top-section elementor-element elementor-element-43a70ea elementor-section-boxed elementor-section-height-default elementor-section-height-default\" data-id=\"43a70ea\" data-element_type=\"section\">\n\t\t\t\t\t\t<div class=\"elementor-container elementor-column-gap-default\">\n\t\t\t\t\t<div class=\"elementor-column elementor-col-100 elementor-top-column elementor-element elementor-element-6337452\" data-id=\"6337452\" data-element_type=\"column\">\n\t\t\t<div class=\"elementor-widget-wrap elementor-element-populated\">\n\t\t\t\t\t\t<div class=\"elementor-element elementor-element-e4b39f2 elementor-widget elementor-widget-image\" data-id=\"e4b39f2\" data-element_type=\"widget\" data-widget_type=\"image.default\">\n\t\t\t\t<div class=\"elementor-widget-container\">\n\t\t\t\t\t\t\t\t\t\t\t\t\t<img decoding=\"async\" width=\"640\" height=\"480\" src=\"http:\/\/172.16.202.26\/wp-content\/uploads\/2026\/01\/SpecialGroups-1024x768.jpg\" class=\"attachment-large size-large wp-image-26469\" alt=\"\" srcset=\"http:\/\/172.16.202.26\/wp-content\/uploads\/2026\/01\/SpecialGroups-1024x768.jpg 1024w, http:\/\/172.16.202.26\/wp-content\/uploads\/2026\/01\/SpecialGroups-300x225.jpg 300w, http:\/\/172.16.202.26\/wp-content\/uploads\/2026\/01\/SpecialGroups-768x576.jpg 768w, http:\/\/172.16.202.26\/wp-content\/uploads\/2026\/01\/SpecialGroups-1536x1152.jpg 1536w, http:\/\/172.16.202.26\/wp-content\/uploads\/2026\/01\/SpecialGroups-2048x1536.jpg 2048w\" sizes=\"(max-width: 640px) 100vw, 640px\" \/>\t\t\t\t\t\t\t\t\t\t\t\t\t<\/div>\n\t\t\t\t<\/div>\n\t\t\t\t\t<\/div>\n\t\t<\/div>\n\t\t\t\t\t<\/div>\n\t\t<\/section>\n\t\t\t\t<section class=\"elementor-section elementor-top-section elementor-element elementor-element-d8ce573 elementor-section-boxed elementor-section-height-default elementor-section-height-default\" data-id=\"d8ce573\" data-element_type=\"section\">\n\t\t\t\t\t\t<div class=\"elementor-container elementor-column-gap-default\">\n\t\t\t\t\t<div class=\"elementor-column elementor-col-100 elementor-top-column elementor-element elementor-element-48823e7\" data-id=\"48823e7\" data-element_type=\"column\">\n\t\t\t<div class=\"elementor-widget-wrap elementor-element-populated\">\n\t\t\t\t\t\t<div class=\"elementor-element elementor-element-60c5405 elementor-widget__width-initial elementor-widget elementor-widget-text-editor\" data-id=\"60c5405\" data-element_type=\"widget\" data-widget_type=\"text-editor.default\">\n\t\t\t\t<div class=\"elementor-widget-container\">\n\t\t\t\t\t\t\t<p>Dabei hat Abteilungsvorstand DI(FH) Mag. Dr.techn. Gottfried Koppensteiner zusammen mit der aktuellen Pr\u00e4sidentin des V\u00d6SI, Doris Lippert ganz nach ihrem Motto \u201eSoftware verbindet \u2013 nicht nur Maschinen und Systeme, sondern auch Menschen und Ideen.\u201c eine engere Kooperation zwischen der IT am TGM mit allen Special Internets Groups des V\u00d6SI vereinbart.<\/p><p><br \/>\u2022 K\u00fcnstliche Intelligenz: Wir wollen dabei sein, wenn es um eine Vorreiterrolle in der Entwicklung des KI-Unterrichts in \u00d6sterreich<br \/>geht. <br \/>\u2022 Accessibility in ICT: Wir wollen sicherstellen, dass die<br \/>technologischen L\u00f6sungen digital barrierefrei sind und das<br \/>Bewusstsein unserer Jugendlichen dazu heben. <br \/>\u2022 Datenschutz: Wir integrieren das Thema Datenschutz im Unterricht und sorgen f\u00fcr mehr Bewusstsein bei usneren Jugendlichen, DSGVO-konform zu agieren. <br \/>\u2022 Enterprise Architecture Management (EAM): In den Gegenst\u00e4nden Informationssysteme und Systemtechnik werden wir dadurch einen Schritt n\u00e4her an Industrie und Wirtschaft unterrichten. <br \/>\u2022 Safety &amp; Security: F\u00fcr einen praxisorientierten Unterricht in unserem Schwerpunkt IT-Sicherheit.<br \/>\u2022 WOMENinICT: Wir machen Frauen in der ICT mehr sichtbar und wollen mehr M\u00e4dchen f\u00fcr unsere Ausbildung begeistern.<\/p><p>\u00a0<\/p><p>Anbei noch ein paar Berichte unserer Sch\u00fcler*innen zum Event:<\/p>\t\t\t\t\t\t<\/div>\n\t\t\t\t<\/div>\n\t\t\t\t\t<\/div>\n\t\t<\/div>\n\t\t\t\t\t<\/div>\n\t\t<\/section>\n\t\t\t\t<section class=\"elementor-section elementor-top-section elementor-element elementor-element-c8dbc9a elementor-section-boxed elementor-section-height-default elementor-section-height-default\" data-id=\"c8dbc9a\" data-element_type=\"section\">\n\t\t\t\t\t\t<div class=\"elementor-container elementor-column-gap-default\">\n\t\t\t\t\t<div class=\"elementor-column elementor-col-100 elementor-top-column elementor-element elementor-element-d60de8f\" data-id=\"d60de8f\" data-element_type=\"column\">\n\t\t\t<div class=\"elementor-widget-wrap elementor-element-populated\">\n\t\t\t\t\t\t<div class=\"elementor-element elementor-element-74a61ae elementor-widget elementor-widget-image\" data-id=\"74a61ae\" data-element_type=\"widget\" data-widget_type=\"image.default\">\n\t\t\t\t<div class=\"elementor-widget-container\">\n\t\t\t\t\t\t\t\t\t\t\t\t\t<img decoding=\"async\" width=\"640\" height=\"480\" src=\"http:\/\/172.16.202.26\/wp-content\/uploads\/2026\/01\/ORF-1024x768.jpg\" class=\"attachment-large size-large wp-image-26467\" alt=\"\" srcset=\"http:\/\/172.16.202.26\/wp-content\/uploads\/2026\/01\/ORF-1024x768.jpg 1024w, http:\/\/172.16.202.26\/wp-content\/uploads\/2026\/01\/ORF-300x225.jpg 300w, http:\/\/172.16.202.26\/wp-content\/uploads\/2026\/01\/ORF-768x576.jpg 768w, http:\/\/172.16.202.26\/wp-content\/uploads\/2026\/01\/ORF-1536x1152.jpg 1536w, http:\/\/172.16.202.26\/wp-content\/uploads\/2026\/01\/ORF-2048x1536.jpg 2048w\" sizes=\"(max-width: 640px) 100vw, 640px\" \/>\t\t\t\t\t\t\t\t\t\t\t\t\t<\/div>\n\t\t\t\t<\/div>\n\t\t\t\t\t<\/div>\n\t\t<\/div>\n\t\t\t\t\t<\/div>\n\t\t<\/section>\n\t\t\t\t<section class=\"elementor-section elementor-top-section elementor-element elementor-element-5f5cfb0 elementor-section-boxed elementor-section-height-default elementor-section-height-default\" data-id=\"5f5cfb0\" data-element_type=\"section\">\n\t\t\t\t\t\t<div class=\"elementor-container elementor-column-gap-default\">\n\t\t\t\t\t<div class=\"elementor-column elementor-col-100 elementor-top-column elementor-element elementor-element-e00c4be\" data-id=\"e00c4be\" data-element_type=\"column\">\n\t\t\t<div class=\"elementor-widget-wrap elementor-element-populated\">\n\t\t\t\t\t\t<div class=\"elementor-element elementor-element-c5fb3bf elementor-widget elementor-widget-text-editor\" data-id=\"c5fb3bf\" data-element_type=\"widget\" data-widget_type=\"text-editor.default\">\n\t\t\t\t<div class=\"elementor-widget-container\">\n\t\t\t\t\t\t\t<p>\u201eAstrid Z\u00f6chling, CIO des ORF, zeigte in ihrer Pr\u00e4sentation auf, welche stetig wachsenden Chancen und Risiken der Einsatz K\u00fcnstlicher Intelligenz f\u00fcr eine vertrauensw\u00fcrdige und journalistisch verantwortete Berichterstattung mit sich bringt.<\/p><p>Ein Augenmerk legte sie dabei auf die zunehmende Gefahr von Desinformation durch generative KI, deren Inhalte kaum\u00a0noch von der Realit\u00e4t zu unterscheiden sind. Diese Problematik veranschaulichte sie\u00a0anhand eines Vergleichs zwischen einem realen und einem KI-generierten Bild. Darin\u00a0untermauerte\u00a0sie das \u201eCheck, Double-Check, Recheck\u201c-Prinzip, was\u00a0in der ORF-Redaktion heute mehr denn je angewendet wird, um die Glaubw\u00fcrdigkeit von Inhalten sicherzustellen.<\/p><p>Auch die positiven Einsatzm\u00f6glichkeiten K\u00fcnstlicher Intelligenz im redaktionellen Alltag\u00a0wurden von Z\u00f6chling vorgestellt. So stellte sie ein neues KI-gest\u00fctztes Tool vor, das die Bearbeitung von Inhalten erheblich vereinfacht. Dieses wird unter anderem zur Erkennung, Bearbeitung und korrekten Lizenzierung von Musikst\u00fccken eingesetzt.\u201c Franz Puerto, 5BHIT<\/p>\t\t\t\t\t\t<\/div>\n\t\t\t\t<\/div>\n\t\t\t\t\t<\/div>\n\t\t<\/div>\n\t\t\t\t\t<\/div>\n\t\t<\/section>\n\t\t\t\t<section class=\"elementor-section elementor-top-section elementor-element elementor-element-42b3beb elementor-section-boxed elementor-section-height-default elementor-section-height-default\" data-id=\"42b3beb\" data-element_type=\"section\">\n\t\t\t\t\t\t<div class=\"elementor-container elementor-column-gap-default\">\n\t\t\t\t\t<div class=\"elementor-column elementor-col-100 elementor-top-column elementor-element elementor-element-a623884\" data-id=\"a623884\" data-element_type=\"column\">\n\t\t\t<div class=\"elementor-widget-wrap elementor-element-populated\">\n\t\t\t\t\t\t<div class=\"elementor-element elementor-element-5c993ea elementor-widget elementor-widget-image\" data-id=\"5c993ea\" data-element_type=\"widget\" data-widget_type=\"image.default\">\n\t\t\t\t<div class=\"elementor-widget-container\">\n\t\t\t\t\t\t\t\t\t\t\t\t\t<img loading=\"lazy\" decoding=\"async\" width=\"640\" height=\"480\" src=\"http:\/\/172.16.202.26\/wp-content\/uploads\/2026\/01\/Security-1024x768.jpg\" class=\"attachment-large size-large wp-image-26468\" alt=\"\" srcset=\"http:\/\/172.16.202.26\/wp-content\/uploads\/2026\/01\/Security-1024x768.jpg 1024w, http:\/\/172.16.202.26\/wp-content\/uploads\/2026\/01\/Security-300x225.jpg 300w, http:\/\/172.16.202.26\/wp-content\/uploads\/2026\/01\/Security-768x576.jpg 768w, http:\/\/172.16.202.26\/wp-content\/uploads\/2026\/01\/Security-1536x1152.jpg 1536w, http:\/\/172.16.202.26\/wp-content\/uploads\/2026\/01\/Security-2048x1536.jpg 2048w\" sizes=\"(max-width: 640px) 100vw, 640px\" \/>\t\t\t\t\t\t\t\t\t\t\t\t\t<\/div>\n\t\t\t\t<\/div>\n\t\t\t\t\t<\/div>\n\t\t<\/div>\n\t\t\t\t\t<\/div>\n\t\t<\/section>\n\t\t\t\t<section class=\"elementor-section elementor-top-section elementor-element elementor-element-f5e5446 elementor-section-boxed elementor-section-height-default elementor-section-height-default\" data-id=\"f5e5446\" data-element_type=\"section\">\n\t\t\t\t\t\t<div class=\"elementor-container elementor-column-gap-default\">\n\t\t\t\t\t<div class=\"elementor-column elementor-col-100 elementor-top-column elementor-element elementor-element-39a1731\" data-id=\"39a1731\" data-element_type=\"column\">\n\t\t\t<div class=\"elementor-widget-wrap elementor-element-populated\">\n\t\t\t\t\t\t<div class=\"elementor-element elementor-element-d93573a elementor-widget elementor-widget-text-editor\" data-id=\"d93573a\" data-element_type=\"widget\" data-widget_type=\"text-editor.default\">\n\t\t\t\t<div class=\"elementor-widget-container\">\n\t\t\t\t\t\t\t<p>\u201eUns hat der Vortrag zu den Cybersecurity Entwicklungen sehr gut gefallen, deswegen hier ein kleiner Bericht. Cybercrime ist heute eine der gr\u00f6\u00dften wirtschaftlichen Bedrohungen und richtet sich zunehmend geopolitisch motiviert gegen Beh\u00f6rden und kritische Infrastrukturen, mit dem Hauptziel des Datendiebstahls. Angriffe bleiben im Durchschnitt \u00fcber 200 Tage unentdeckt und werden durch den Einsatz von KI stark beschleunigt. Dabei wirkt KI sowohl als Werkzeug f\u00fcr Angreifer als auch \u2013 in Kombination mit dem Menschen \u2013 als effektiver Verteidiger. Besonders Social Engineering und KI-basierte Insider-Risiken stellen eine gro\u00dfe Gefahr dar. Zero-Trust-Architekturen, das \u201eAssume-Breach\u201c-Prinzip und klare Datenklassifizierung (z. B. Ampelsystem) sind zentrale Schutzma\u00dfnahmen. Kontinuierliches Training st\u00e4rkt die \u201eHuman Firewall\u201c \u2013 nicht nur in Unternehmen, sondern auch im privaten Umfeld. Cybersecurity ist damit l\u00e4ngst ein grundlegendes Sicherheitsbed\u00fcrfnis, vergleichbar mit Maslows Basisbed\u00fcrfnissen.\u201c Felix Schmid und Viktor Bachmayer, 5BHIT<\/p><p>&#8222;Der Vortrag der Videbis GmbH war sehr informativ. Der erste Sprecher hat dar\u00fcber geredet, wie Accessibility genau so im Trend sein soll wie AI und auch, dass wir Entwickler bei der Entwicklung einer App besonders auf Accessibility achten sollen. Dann hat der CEO von Videbis demonstriert, wie ihr Produkt funktioniert. Wir waren sehr fasziniert davon, weil wir zwar wissen und lesen, was alles Technologie behinderten Menschen hilft, aber es noch nie selbst live gesehen haben und \u00fcberrascht waren, dass der CEO von Videbis selbst sehbehindert ist. Das zeigt wirklich, welche Rolle wir IT- bzw. TGM-Sch\u00fcler spielen, um behinderten Menschen durch unser erworbenes Wissen zu helfen.&#8220; Ofosuhene Daniel, 4CHIT<\/p><p>\u00a0<\/p>\t\t\t\t\t\t<\/div>\n\t\t\t\t<\/div>\n\t\t\t\t\t<\/div>\n\t\t<\/div>\n\t\t\t\t\t<\/div>\n\t\t<\/section>\n\t\t\t\t<\/div>\n\t\t","protected":false},"excerpt":{"rendered":"<p>Auch 2026 durfte wieder eine Auswahl an Sch\u00fcler:innen der 4. und 5. Jahrg\u00e4nge am Software-Day des Verbands \u00d6sterreichischer Software Innovationen teilnehmen und tolle Kontakte zur \u00d6sterreichischen IT-Szene kn\u00fcpfen.<\/p>\n","protected":false},"author":3,"featured_media":26466,"comment_status":"closed","ping_status":"closed","sticky":false,"template":"elementor_header_footer","format":"standard","meta":[],"categories":[22],"tags":[],"_links":{"self":[{"href":"http:\/\/172.16.202.26\/index.php?rest_route=\/wp\/v2\/posts\/26463"}],"collection":[{"href":"http:\/\/172.16.202.26\/index.php?rest_route=\/wp\/v2\/posts"}],"about":[{"href":"http:\/\/172.16.202.26\/index.php?rest_route=\/wp\/v2\/types\/post"}],"author":[{"embeddable":true,"href":"http:\/\/172.16.202.26\/index.php?rest_route=\/wp\/v2\/users\/3"}],"replies":[{"embeddable":true,"href":"http:\/\/172.16.202.26\/index.php?rest_route=%2Fwp%2Fv2%2Fcomments&post=26463"}],"version-history":[{"count":5,"href":"http:\/\/172.16.202.26\/index.php?rest_route=\/wp\/v2\/posts\/26463\/revisions"}],"predecessor-version":[{"id":26474,"href":"http:\/\/172.16.202.26\/index.php?rest_route=\/wp\/v2\/posts\/26463\/revisions\/26474"}],"wp:featuredmedia":[{"embeddable":true,"href":"http:\/\/172.16.202.26\/index.php?rest_route=\/wp\/v2\/media\/26466"}],"wp:attachment":[{"href":"http:\/\/172.16.202.26\/index.php?rest_route=%2Fwp%2Fv2%2Fmedia&parent=26463"}],"wp:term":[{"taxonomy":"category","embeddable":true,"href":"http:\/\/172.16.202.26\/index.php?rest_route=%2Fwp%2Fv2%2Fcategories&post=26463"},{"taxonomy":"post_tag","embeddable":true,"href":"http:\/\/172.16.202.26\/index.php?rest_route=%2Fwp%2Fv2%2Ftags&post=26463"}],"curies":[{"name":"wp","href":"https:\/\/api.w.org\/{rel}","templated":true}]}}